{"id":4066,"date":"2018-09-21T15:33:28","date_gmt":"2018-09-21T18:33:28","guid":{"rendered":"https:\/\/liraodonto.com.br\/?p=4066"},"modified":"2018-09-21T15:33:28","modified_gmt":"2018-09-21T18:33:28","slug":"halitose","status":"publish","type":"post","link":"https:\/\/liraodonto.com.br\/en\/halitose\/","title":{"rendered":"Dia nacional de combate \u00e0 Halitose &#8211; Lira Odonto"},"content":{"rendered":"<p><em>22 de setembro \u00e9 o Dia Nacional de Combate \u00e0 Halitose, especialistas d\u00e3o dicas de preven\u00e7\u00e3o, tratamento e como avisar aquele seu amigo que ele est\u00e1 com mau h\u00e1lito<\/em><\/p>\n<p>Como uma forma de prevenir e ajudar no tratamento da halitose, a Associa\u00e7\u00e3o Brasileira de Halitose (ABHA), estabeleceu no calend\u00e1rio o dia 22 de setembro como o Dia Nacional de Combate \u00e0 Halitose.<\/p>\n<p>Nesse ano a campanha tem como tema &#8220;Mau H\u00e1lito, um problema de sa\u00fade p\u00fablica&#8221;, isso porque o mau h\u00e1lito pode ser causado por diversos fatores e a campanha vem para incentivar uma uni\u00e3o dos profissionais de sa\u00fade no real combate a esse problema , atuando de forma interdisciplinar.<\/p>\n<p>De acordo com a ABHA 32% da popula\u00e7\u00e3o possui halitose (cerca de 50 milh\u00f5es de brasileiros),\u00a0sendo que 90% destes casos tem como causa altera\u00e7\u00f5es na cavidade bucal como: \u00a0placa bacteriana retidas na l\u00edngua (saburra), baixa produ\u00e7\u00e3o de saliva, doen\u00e7as na gengiva, uso excessivo de rem\u00e9dio, cavidades de c\u00e1rie, higiene bucal inadequada. Apenas 10%\u00a0dos casos de halitose s\u00e3o de origem extrabucal como desordens do trato respirat\u00f3rio ou gastrointestinal.<\/p>\n<p>Se existe\u00a0mau h\u00e1lito persistente, n\u00e3o apenas ao acordar ou \u00a0ingerir alimentos espec\u00edficos,\u00a0ou em jejuns prolongados\u00a0o que chamamos de halitose tempor\u00e1ria, deve-se buscar\u00a0a ajuda\u00a0de um cirurgi\u00e3o-dentista que indicar\u00e1 um tratamento\u00a0de acordo com a causa\u00a0do problema ,\u00a0inclusive trabalhando\u00a0interdisciplinamente\u00a0com outro profissional caso a halitose instalada n\u00e3o seja de natureza odontol\u00f3gica.<\/p>\n<p>Algumas dicas s\u00e3o passadas por profissionais da Lira Odonto como preven\u00e7\u00e3o ao mau h\u00e1lito:<\/p>\n<ul>\n<li>Visitar o seu dentista semestralmente;<\/li>\n<li>realizar higiene lingual adequadamente\u00a0;<\/li>\n<li>Escovar bem os dentes ap\u00f3s todas as refei\u00e7\u00f5es e utilizar o fio dental regularmente, al\u00e9m de evitar o uso de antissepticos bucais que contenham alcool em sua formula\u00e7\u00e3o;<\/li>\n<li>Beber bastante \u00e1gua;<\/li>\n<li>Evitar o consumo em excesso de alimentos com odor carregado ou que contenha enxofre na sua composi\u00e7\u00e3o, \u00e9 o caso de alho, cebola, repolho, entre outros;<\/li>\n<li>Evitar consumo de bebidas alco\u00f3licas;<\/li>\n<li>N\u00e3o fumar;<\/li>\n<li>Ter uma dieta equilibrada.<\/li>\n<\/ul>\n<p>A Associa\u00e7\u00e3o Brasileira de Halitose disponibiliza em seu site uma \u00e1rea para aqueles que possuem um amigo com mau h\u00e1lito, mas que n\u00e3o sabe como avis\u00e1-lo sem constrang\u00ea-lo: \u00e9 o <a href=\"https:\/\/www.abha.org.br\/sos-mau-halito\">SOS Mau H\u00e1lito<\/a>, espa\u00e7o onde a pessoa pode adicionar nome e e-mail do amigo e a ABHA se responsabiliza a avisar o portador dentro do prazo de 10 dias \u00fateis.<\/p>\n<p>Caso tenha ficado alguma d\u00favida, <a href=\"https:\/\/liraodonto.com.br\/en\/agende-uma-consulta\/\">agende uma consulta com seu dentista<\/a>.<\/p>","protected":false},"excerpt":{"rendered":"<div class=\"entry-summary\">\n<div class=\"entry-summary\">\n22 de setembro \u00e9 o Dia Nacional de Combate \u00e0 Halitose, especialistas d\u00e3o dicas de preven\u00e7\u00e3o, tratamento e&hellip;\n<\/div>\n<div class=\"link-more\"><a href=\"https:\/\/liraodonto.com.br\/en\/halitose\/\" class=\"more-link\">Continue reading<span class=\"screen-reader-text\"> &ldquo;Dia nacional de combate \u00e0 Halitose &#8211; Lira Odonto&rdquo;<\/span>&hellip;<\/a><\/div>\n<\/div>\n<div class=\"link-more\"><a href=\"https:\/\/liraodonto.com.br\/en\/halitose\/\" class=\"more-link\">Continue reading<span class=\"screen-reader-text\"> &ldquo;Dia nacional de combate \u00e0 Halitose &#8211; Lira Odonto&rdquo;<\/span>&hellip;<\/a><\/div>","protected":false},"author":1,"featured_media":4067,"comment_status":"open","ping_status":"open","sticky":false,"template":"","format":"standard","meta":{"_acf_changed":false,"_monsterinsights_skip_tracking":false,"_monsterinsights_sitenote_active":false,"_monsterinsights_sitenote_note":"","_monsterinsights_sitenote_category":0,"_joinchat":[],"footnotes":""},"categories":[1],"tags":[],"class_list":["post-4066","post","type-post","status-publish","format-standard","has-post-thumbnail","hentry","category-sem-categoria","entry"],"acf":[],"yoast_head":"<!-- This site is optimized with the Yoast SEO plugin v27.5 - https:\/\/yoast.com\/product\/yoast-seo-wordpress\/ -->\n<title>Dia nacional de combate \u00e0 Halitose - Mau h\u00e1lito tem tratamento<\/title>\n<meta name=\"description\" content=\"22 de setembro \u00e9 o Dia Nacional de Combate \u00e0 Halitose, e trouxemos dicas de preven\u00e7\u00e3o, tratamento e como avisar aquele amigo que ele est\u00e1 com mau h\u00e1lito.\" \/>\n<meta name=\"robots\" content=\"index, follow, max-snippet:-1, max-image-preview:large, max-video-preview:-1\" \/>\n<link rel=\"canonical\" href=\"https:\/\/liraodonto.com.br\/en\/halitose\/\" \/>\n<meta property=\"og:locale\" content=\"en_US\" \/>\n<meta property=\"og:type\" content=\"article\" \/>\n<meta property=\"og:title\" content=\"Dia nacional de combate \u00e0 Halitose - Mau h\u00e1lito tem tratamento\" \/>\n<meta property=\"og:description\" content=\"22 de setembro \u00e9 o Dia Nacional de Combate \u00e0 Halitose, e trouxemos dicas de preven\u00e7\u00e3o, tratamento e como avisar aquele amigo que ele est\u00e1 com mau h\u00e1lito.\" \/>\n<meta property=\"og:url\" content=\"https:\/\/liraodonto.com.br\/en\/halitose\/\" \/>\n<meta property=\"og:site_name\" content=\"Lira Odonto\" \/>\n<meta property=\"article:publisher\" content=\"https:\/\/www.facebook.com\/liraodonto\/\" \/>\n<meta property=\"article:published_time\" content=\"2018-09-21T18:33:28+00:00\" \/>\n<meta property=\"og:image\" content=\"https:\/\/liraodonto.com.br\/wp-content\/uploads\/2018\/09\/22-9.jpg\" \/>\n\t<meta property=\"og:image:width\" content=\"500\" \/>\n\t<meta property=\"og:image:height\" content=\"500\" \/>\n\t<meta property=\"og:image:type\" content=\"image\/jpeg\" \/>\n<meta name=\"author\" content=\"admin\" \/>\n<meta name=\"twitter:card\" content=\"summary_large_image\" \/>\n<meta name=\"twitter:label1\" content=\"Written by\" \/>\n\t<meta name=\"twitter:data1\" content=\"admin\" \/>\n\t<meta name=\"twitter:label2\" content=\"Est. reading time\" \/>\n\t<meta name=\"twitter:data2\" content=\"2 minutes\" \/>\n<script type=\"application\/ld+json\" class=\"yoast-schema-graph\">{\"@context\":\"https:\\\/\\\/schema.org\",\"@graph\":[{\"@type\":\"Article\",\"@id\":\"https:\\\/\\\/liraodonto.com.br\\\/halitose\\\/#article\",\"isPartOf\":{\"@id\":\"https:\\\/\\\/liraodonto.com.br\\\/halitose\\\/\"},\"author\":{\"name\":\"admin\",\"@id\":\"https:\\\/\\\/liraodonto.com.br\\\/#\\\/schema\\\/person\\\/7865a55a52ea4145ee48ac121cf706da\"},\"headline\":\"Dia nacional de combate \u00e0 Halitose &#8211; Lira Odonto\",\"datePublished\":\"2018-09-21T18:33:28+00:00\",\"mainEntityOfPage\":{\"@id\":\"https:\\\/\\\/liraodonto.com.br\\\/halitose\\\/\"},\"wordCount\":438,\"commentCount\":2,\"publisher\":{\"@id\":\"https:\\\/\\\/liraodonto.com.br\\\/#organization\"},\"image\":{\"@id\":\"https:\\\/\\\/liraodonto.com.br\\\/halitose\\\/#primaryimage\"},\"thumbnailUrl\":\"https:\\\/\\\/liraodonto.com.br\\\/wp-content\\\/uploads\\\/2018\\\/09\\\/22-9.jpg\",\"articleSection\":[\"Sem categoria\"],\"inLanguage\":\"en-US\",\"potentialAction\":[{\"@type\":\"CommentAction\",\"name\":\"Comment\",\"target\":[\"https:\\\/\\\/liraodonto.com.br\\\/halitose\\\/#respond\"]}]},{\"@type\":\"WebPage\",\"@id\":\"https:\\\/\\\/liraodonto.com.br\\\/halitose\\\/\",\"url\":\"https:\\\/\\\/liraodonto.com.br\\\/halitose\\\/\",\"name\":\"Dia nacional de combate \u00e0 Halitose - Mau h\u00e1lito tem tratamento\",\"isPartOf\":{\"@id\":\"https:\\\/\\\/liraodonto.com.br\\\/#website\"},\"primaryImageOfPage\":{\"@id\":\"https:\\\/\\\/liraodonto.com.br\\\/halitose\\\/#primaryimage\"},\"image\":{\"@id\":\"https:\\\/\\\/liraodonto.com.br\\\/halitose\\\/#primaryimage\"},\"thumbnailUrl\":\"https:\\\/\\\/liraodonto.com.br\\\/wp-content\\\/uploads\\\/2018\\\/09\\\/22-9.jpg\",\"datePublished\":\"2018-09-21T18:33:28+00:00\",\"description\":\"22 de setembro \u00e9 o Dia Nacional de Combate \u00e0 Halitose, e trouxemos dicas de preven\u00e7\u00e3o, tratamento e como avisar aquele amigo que ele est\u00e1 com mau h\u00e1lito.\",\"breadcrumb\":{\"@id\":\"https:\\\/\\\/liraodonto.com.br\\\/halitose\\\/#breadcrumb\"},\"inLanguage\":\"en-US\",\"potentialAction\":[{\"@type\":\"ReadAction\",\"target\":[\"https:\\\/\\\/liraodonto.com.br\\\/halitose\\\/\"]}]},{\"@type\":\"ImageObject\",\"inLanguage\":\"en-US\",\"@id\":\"https:\\\/\\\/liraodonto.com.br\\\/halitose\\\/#primaryimage\",\"url\":\"https:\\\/\\\/liraodonto.com.br\\\/wp-content\\\/uploads\\\/2018\\\/09\\\/22-9.jpg\",\"contentUrl\":\"https:\\\/\\\/liraodonto.com.br\\\/wp-content\\\/uploads\\\/2018\\\/09\\\/22-9.jpg\",\"width\":500,\"height\":500},{\"@type\":\"BreadcrumbList\",\"@id\":\"https:\\\/\\\/liraodonto.com.br\\\/halitose\\\/#breadcrumb\",\"itemListElement\":[{\"@type\":\"ListItem\",\"position\":1,\"name\":\"In\u00edcio\",\"item\":\"https:\\\/\\\/liraodonto.com.br\\\/\"},{\"@type\":\"ListItem\",\"position\":2,\"name\":\"Dia nacional de combate \u00e0 Halitose &#8211; Lira Odonto\"}]},{\"@type\":\"WebSite\",\"@id\":\"https:\\\/\\\/liraodonto.com.br\\\/#website\",\"url\":\"https:\\\/\\\/liraodonto.com.br\\\/\",\"name\":\"Lira Odonto\",\"description\":\"\",\"publisher\":{\"@id\":\"https:\\\/\\\/liraodonto.com.br\\\/#organization\"},\"potentialAction\":[{\"@type\":\"SearchAction\",\"target\":{\"@type\":\"EntryPoint\",\"urlTemplate\":\"https:\\\/\\\/liraodonto.com.br\\\/?s={search_term_string}\"},\"query-input\":{\"@type\":\"PropertyValueSpecification\",\"valueRequired\":true,\"valueName\":\"search_term_string\"}}],\"inLanguage\":\"en-US\"},{\"@type\":\"Organization\",\"@id\":\"https:\\\/\\\/liraodonto.com.br\\\/#organization\",\"name\":\"Lira Odonto\",\"url\":\"https:\\\/\\\/liraodonto.com.br\\\/\",\"logo\":{\"@type\":\"ImageObject\",\"inLanguage\":\"en-US\",\"@id\":\"https:\\\/\\\/liraodonto.com.br\\\/#\\\/schema\\\/logo\\\/image\\\/\",\"url\":\"https:\\\/\\\/liraodonto.com.br\\\/wp-content\\\/uploads\\\/2016\\\/04\\\/cropped-cropped-lira_odonto_site.png\",\"contentUrl\":\"https:\\\/\\\/liraodonto.com.br\\\/wp-content\\\/uploads\\\/2016\\\/04\\\/cropped-cropped-lira_odonto_site.png\",\"width\":200,\"height\":46,\"caption\":\"Lira Odonto\"},\"image\":{\"@id\":\"https:\\\/\\\/liraodonto.com.br\\\/#\\\/schema\\\/logo\\\/image\\\/\"},\"sameAs\":[\"https:\\\/\\\/www.facebook.com\\\/liraodonto\\\/\",\"https:\\\/\\\/www.instagram.com\\\/liraodonto\\\/\"]},{\"@type\":\"Person\",\"@id\":\"https:\\\/\\\/liraodonto.com.br\\\/#\\\/schema\\\/person\\\/7865a55a52ea4145ee48ac121cf706da\",\"name\":\"admin\",\"image\":{\"@type\":\"ImageObject\",\"inLanguage\":\"en-US\",\"@id\":\"https:\\\/\\\/secure.gravatar.com\\\/avatar\\\/3c1a2125ec84d3a56a41750928acd3aaa12fb3f33ed34573b00ebe6ce0f53018?s=96&d=mm&r=g\",\"url\":\"https:\\\/\\\/secure.gravatar.com\\\/avatar\\\/3c1a2125ec84d3a56a41750928acd3aaa12fb3f33ed34573b00ebe6ce0f53018?s=96&d=mm&r=g\",\"contentUrl\":\"https:\\\/\\\/secure.gravatar.com\\\/avatar\\\/3c1a2125ec84d3a56a41750928acd3aaa12fb3f33ed34573b00ebe6ce0f53018?s=96&d=mm&r=g\",\"caption\":\"admin\"},\"url\":\"https:\\\/\\\/liraodonto.com.br\\\/en\\\/author\\\/admin\\\/\"}]}<\/script>\n<!-- \/ Yoast SEO plugin. -->","yoast_head_json":{"title":"Dia nacional de combate \u00e0 Halitose - Mau h\u00e1lito tem tratamento","description":"22 de setembro \u00e9 o Dia Nacional de Combate \u00e0 Halitose, e trouxemos dicas de preven\u00e7\u00e3o, tratamento e como avisar aquele amigo que ele est\u00e1 com mau h\u00e1lito.","robots":{"index":"index","follow":"follow","max-snippet":"max-snippet:-1","max-image-preview":"max-image-preview:large","max-video-preview":"max-video-preview:-1"},"canonical":"https:\/\/liraodonto.com.br\/en\/halitose\/","og_locale":"en_US","og_type":"article","og_title":"Dia nacional de combate \u00e0 Halitose - Mau h\u00e1lito tem tratamento","og_description":"22 de setembro \u00e9 o Dia Nacional de Combate \u00e0 Halitose, e trouxemos dicas de preven\u00e7\u00e3o, tratamento e como avisar aquele amigo que ele est\u00e1 com mau h\u00e1lito.","og_url":"https:\/\/liraodonto.com.br\/en\/halitose\/","og_site_name":"Lira Odonto","article_publisher":"https:\/\/www.facebook.com\/liraodonto\/","article_published_time":"2018-09-21T18:33:28+00:00","og_image":[{"width":500,"height":500,"url":"https:\/\/liraodonto.com.br\/wp-content\/uploads\/2018\/09\/22-9.jpg","type":"image\/jpeg"}],"author":"admin","twitter_card":"summary_large_image","twitter_misc":{"Written by":"admin","Est. reading time":"2 minutes"},"schema":{"@context":"https:\/\/schema.org","@graph":[{"@type":"Article","@id":"https:\/\/liraodonto.com.br\/halitose\/#article","isPartOf":{"@id":"https:\/\/liraodonto.com.br\/halitose\/"},"author":{"name":"admin","@id":"https:\/\/liraodonto.com.br\/#\/schema\/person\/7865a55a52ea4145ee48ac121cf706da"},"headline":"Dia nacional de combate \u00e0 Halitose &#8211; Lira Odonto","datePublished":"2018-09-21T18:33:28+00:00","mainEntityOfPage":{"@id":"https:\/\/liraodonto.com.br\/halitose\/"},"wordCount":438,"commentCount":2,"publisher":{"@id":"https:\/\/liraodonto.com.br\/#organization"},"image":{"@id":"https:\/\/liraodonto.com.br\/halitose\/#primaryimage"},"thumbnailUrl":"https:\/\/liraodonto.com.br\/wp-content\/uploads\/2018\/09\/22-9.jpg","articleSection":["Sem categoria"],"inLanguage":"en-US","potentialAction":[{"@type":"CommentAction","name":"Comment","target":["https:\/\/liraodonto.com.br\/halitose\/#respond"]}]},{"@type":"WebPage","@id":"https:\/\/liraodonto.com.br\/halitose\/","url":"https:\/\/liraodonto.com.br\/halitose\/","name":"Dia nacional de combate \u00e0 Halitose - Mau h\u00e1lito tem tratamento","isPartOf":{"@id":"https:\/\/liraodonto.com.br\/#website"},"primaryImageOfPage":{"@id":"https:\/\/liraodonto.com.br\/halitose\/#primaryimage"},"image":{"@id":"https:\/\/liraodonto.com.br\/halitose\/#primaryimage"},"thumbnailUrl":"https:\/\/liraodonto.com.br\/wp-content\/uploads\/2018\/09\/22-9.jpg","datePublished":"2018-09-21T18:33:28+00:00","description":"22 de setembro \u00e9 o Dia Nacional de Combate \u00e0 Halitose, e trouxemos dicas de preven\u00e7\u00e3o, tratamento e como avisar aquele amigo que ele est\u00e1 com mau h\u00e1lito.","breadcrumb":{"@id":"https:\/\/liraodonto.com.br\/halitose\/#breadcrumb"},"inLanguage":"en-US","potentialAction":[{"@type":"ReadAction","target":["https:\/\/liraodonto.com.br\/halitose\/"]}]},{"@type":"ImageObject","inLanguage":"en-US","@id":"https:\/\/liraodonto.com.br\/halitose\/#primaryimage","url":"https:\/\/liraodonto.com.br\/wp-content\/uploads\/2018\/09\/22-9.jpg","contentUrl":"https:\/\/liraodonto.com.br\/wp-content\/uploads\/2018\/09\/22-9.jpg","width":500,"height":500},{"@type":"BreadcrumbList","@id":"https:\/\/liraodonto.com.br\/halitose\/#breadcrumb","itemListElement":[{"@type":"ListItem","position":1,"name":"In\u00edcio","item":"https:\/\/liraodonto.com.br\/"},{"@type":"ListItem","position":2,"name":"Dia nacional de combate \u00e0 Halitose &#8211; Lira Odonto"}]},{"@type":"WebSite","@id":"https:\/\/liraodonto.com.br\/#website","url":"https:\/\/liraodonto.com.br\/","name":"Lira Odonto","description":"","publisher":{"@id":"https:\/\/liraodonto.com.br\/#organization"},"potentialAction":[{"@type":"SearchAction","target":{"@type":"EntryPoint","urlTemplate":"https:\/\/liraodonto.com.br\/?s={search_term_string}"},"query-input":{"@type":"PropertyValueSpecification","valueRequired":true,"valueName":"search_term_string"}}],"inLanguage":"en-US"},{"@type":"Organization","@id":"https:\/\/liraodonto.com.br\/#organization","name":"Lira Odonto","url":"https:\/\/liraodonto.com.br\/","logo":{"@type":"ImageObject","inLanguage":"en-US","@id":"https:\/\/liraodonto.com.br\/#\/schema\/logo\/image\/","url":"https:\/\/liraodonto.com.br\/wp-content\/uploads\/2016\/04\/cropped-cropped-lira_odonto_site.png","contentUrl":"https:\/\/liraodonto.com.br\/wp-content\/uploads\/2016\/04\/cropped-cropped-lira_odonto_site.png","width":200,"height":46,"caption":"Lira Odonto"},"image":{"@id":"https:\/\/liraodonto.com.br\/#\/schema\/logo\/image\/"},"sameAs":["https:\/\/www.facebook.com\/liraodonto\/","https:\/\/www.instagram.com\/liraodonto\/"]},{"@type":"Person","@id":"https:\/\/liraodonto.com.br\/#\/schema\/person\/7865a55a52ea4145ee48ac121cf706da","name":"admin","image":{"@type":"ImageObject","inLanguage":"en-US","@id":"https:\/\/secure.gravatar.com\/avatar\/3c1a2125ec84d3a56a41750928acd3aaa12fb3f33ed34573b00ebe6ce0f53018?s=96&d=mm&r=g","url":"https:\/\/secure.gravatar.com\/avatar\/3c1a2125ec84d3a56a41750928acd3aaa12fb3f33ed34573b00ebe6ce0f53018?s=96&d=mm&r=g","contentUrl":"https:\/\/secure.gravatar.com\/avatar\/3c1a2125ec84d3a56a41750928acd3aaa12fb3f33ed34573b00ebe6ce0f53018?s=96&d=mm&r=g","caption":"admin"},"url":"https:\/\/liraodonto.com.br\/en\/author\/admin\/"}]}},"wps_subtitle":"","_links":{"self":[{"href":"https:\/\/liraodonto.com.br\/en\/wp-json\/wp\/v2\/posts\/4066","targetHints":{"allow":["GET"]}}],"collection":[{"href":"https:\/\/liraodonto.com.br\/en\/wp-json\/wp\/v2\/posts"}],"about":[{"href":"https:\/\/liraodonto.com.br\/en\/wp-json\/wp\/v2\/types\/post"}],"author":[{"embeddable":true,"href":"https:\/\/liraodonto.com.br\/en\/wp-json\/wp\/v2\/users\/1"}],"replies":[{"embeddable":true,"href":"https:\/\/liraodonto.com.br\/en\/wp-json\/wp\/v2\/comments?post=4066"}],"version-history":[{"count":1,"href":"https:\/\/liraodonto.com.br\/en\/wp-json\/wp\/v2\/posts\/4066\/revisions"}],"predecessor-version":[{"id":4069,"href":"https:\/\/liraodonto.com.br\/en\/wp-json\/wp\/v2\/posts\/4066\/revisions\/4069"}],"wp:featuredmedia":[{"embeddable":true,"href":"https:\/\/liraodonto.com.br\/en\/wp-json\/wp\/v2\/media\/4067"}],"wp:attachment":[{"href":"https:\/\/liraodonto.com.br\/en\/wp-json\/wp\/v2\/media?parent=4066"}],"wp:term":[{"taxonomy":"category","embeddable":true,"href":"https:\/\/liraodonto.com.br\/en\/wp-json\/wp\/v2\/categories?post=4066"},{"taxonomy":"post_tag","embeddable":true,"href":"https:\/\/liraodonto.com.br\/en\/wp-json\/wp\/v2\/tags?post=4066"}],"curies":[{"name":"wp","href":"https:\/\/api.w.org\/{rel}","templated":true}]}}