{"id":3454,"date":"2017-05-31T07:00:18","date_gmt":"2017-05-31T10:00:18","guid":{"rendered":"https:\/\/liraodonto.com.br\/?p=3454"},"modified":"2017-05-30T16:02:04","modified_gmt":"2017-05-30T19:02:04","slug":"31-de-maio-dia-mundial-sem-tabaco","status":"publish","type":"post","link":"https:\/\/liraodonto.com.br\/es\/31-de-maio-dia-mundial-sem-tabaco\/","title":{"rendered":"31 de maio &#8220;Dia Mundial sem Tabaco&#8221;"},"content":{"rendered":"<p>Desde 1987, \u00e9 comemorado anualmente em 31\/05 o Dia Mundial sem Tabaco, com o intuito de alertar sobre as doen\u00e7as e mortes evit\u00e1veis relacionadas ao tabagismo.<\/p>\n<p>O cigarro j\u00e1 foi um \u00edcone de glamour.<\/p>\n<p>Hoje, com todas as informa\u00e7\u00f5es de conscientiza\u00e7\u00e3o dispon\u00edveis, os \u00edndices de consumo v\u00eam caindo a cada ano.<\/p>\n<p>Os jovens ainda s\u00e3o os maiores alvos do marketing industrial do tabaco, e devido \u00e0 depend\u00eancia qu\u00edmica, muitos n\u00e3o conseguem parar de fumar.<\/p>\n<p>A odontologia se preocupa com essa quest\u00e3o, pois toda a micro &#8211; circula\u00e7\u00e3o da mucosa bucal \u00e9 alterada, podendo promover e acelerar perda de implantes, retra\u00e7\u00e3o gengival, manchas nos dentes, e comprometimento \u00f3sseo ao redor dos dentes.<\/p>\n<p>Al\u00e9m disso, c\u00e1ries na raiz dos dentes s\u00e3o muito presentes em tabagistas com retra\u00e7\u00e3o gengival e sem higiene bucal adequada.<\/p>\n<p>Bem, motivos n\u00e3o faltam, para n\u00e3o embarcar nessa cilada!<\/p>","protected":false},"excerpt":{"rendered":"<div class=\"entry-summary\">\n<div class=\"entry-summary\">\nDesde 1987, \u00e9 comemorado anualmente em 31\/05 o Dia Mundial sem Tabaco, com o intuito de alertar sobre&hellip;\n<\/div>\n<div class=\"link-more\"><a href=\"https:\/\/liraodonto.com.br\/es\/31-de-maio-dia-mundial-sem-tabaco\/\" class=\"more-link\">Continue reading<span class=\"screen-reader-text\"> &ldquo;31 de maio &#8220;Dia Mundial sem Tabaco&#8221;&rdquo;<\/span>&hellip;<\/a><\/div>\n<\/div>\n<div class=\"link-more\"><a href=\"https:\/\/liraodonto.com.br\/es\/31-de-maio-dia-mundial-sem-tabaco\/\" class=\"more-link\">Continue reading<span class=\"screen-reader-text\"> &ldquo;31 de maio &#8220;Dia Mundial sem Tabaco&#8221;&rdquo;<\/span>&hellip;<\/a><\/div>","protected":false},"author":1,"featured_media":3455,"comment_status":"open","ping_status":"open","sticky":false,"template":"","format":"standard","meta":{"_acf_changed":false,"_monsterinsights_skip_tracking":false,"_monsterinsights_sitenote_active":false,"_monsterinsights_sitenote_note":"","_monsterinsights_sitenote_category":0,"_joinchat":[],"footnotes":""},"categories":[229,128],"tags":[268,127,109,267],"class_list":["post-3454","post","type-post","status-publish","format-standard","has-post-thumbnail","hentry","category-comemoracoes","category-dicas","tag-fumante","tag-liraodonto","tag-saude-bucal","tag-tabaco","entry"],"acf":[],"yoast_head":"<!-- This site is optimized with the Yoast SEO plugin v27.5 - https:\/\/yoast.com\/product\/yoast-seo-wordpress\/ -->\n<title>31 de maio &quot;Dia Mundial sem Tabaco&quot; - Lira Odonto<\/title>\n<meta name=\"robots\" content=\"index, follow, max-snippet:-1, max-image-preview:large, max-video-preview:-1\" \/>\n<link rel=\"canonical\" href=\"https:\/\/liraodonto.com.br\/es\/31-de-maio-dia-mundial-sem-tabaco\/\" \/>\n<meta property=\"og:locale\" content=\"es_ES\" \/>\n<meta property=\"og:type\" content=\"article\" \/>\n<meta property=\"og:title\" content=\"31 de maio &quot;Dia Mundial sem Tabaco&quot; - Lira Odonto\" \/>\n<meta property=\"og:description\" content=\"Desde 1987, \u00e9 comemorado anualmente em 31\/05 o Dia Mundial sem Tabaco, com o intuito de alertar sobre&hellip; Continue reading &ldquo;31 de maio &#8220;Dia Mundial sem Tabaco&#8221;&rdquo;&hellip;\" \/>\n<meta property=\"og:url\" content=\"https:\/\/liraodonto.com.br\/es\/31-de-maio-dia-mundial-sem-tabaco\/\" \/>\n<meta property=\"og:site_name\" content=\"Lira Odonto\" \/>\n<meta property=\"article:publisher\" content=\"https:\/\/www.facebook.com\/liraodonto\/\" \/>\n<meta property=\"article:published_time\" content=\"2017-05-31T10:00:18+00:00\" \/>\n<meta property=\"og:image\" content=\"https:\/\/liraodonto.com.br\/wp-content\/uploads\/2017\/05\/Happy-Vesak-Day-1.png\" \/>\n\t<meta property=\"og:image:width\" content=\"800\" \/>\n\t<meta property=\"og:image:height\" content=\"800\" \/>\n\t<meta property=\"og:image:type\" content=\"image\/png\" \/>\n<meta name=\"author\" content=\"admin\" \/>\n<meta name=\"twitter:card\" content=\"summary_large_image\" \/>\n<meta name=\"twitter:label1\" content=\"Escrito por\" \/>\n\t<meta name=\"twitter:data1\" content=\"admin\" \/>\n\t<meta name=\"twitter:label2\" content=\"Tiempo de lectura\" \/>\n\t<meta name=\"twitter:data2\" content=\"1 minuto\" \/>\n<script type=\"application\/ld+json\" class=\"yoast-schema-graph\">{\"@context\":\"https:\\\/\\\/schema.org\",\"@graph\":[{\"@type\":\"Article\",\"@id\":\"https:\\\/\\\/liraodonto.com.br\\\/31-de-maio-dia-mundial-sem-tabaco\\\/#article\",\"isPartOf\":{\"@id\":\"https:\\\/\\\/liraodonto.com.br\\\/31-de-maio-dia-mundial-sem-tabaco\\\/\"},\"author\":{\"name\":\"admin\",\"@id\":\"https:\\\/\\\/liraodonto.com.br\\\/#\\\/schema\\\/person\\\/7865a55a52ea4145ee48ac121cf706da\"},\"headline\":\"31 de maio &#8220;Dia Mundial sem Tabaco&#8221;\",\"datePublished\":\"2017-05-31T10:00:18+00:00\",\"mainEntityOfPage\":{\"@id\":\"https:\\\/\\\/liraodonto.com.br\\\/31-de-maio-dia-mundial-sem-tabaco\\\/\"},\"wordCount\":160,\"commentCount\":0,\"publisher\":{\"@id\":\"https:\\\/\\\/liraodonto.com.br\\\/#organization\"},\"image\":{\"@id\":\"https:\\\/\\\/liraodonto.com.br\\\/31-de-maio-dia-mundial-sem-tabaco\\\/#primaryimage\"},\"thumbnailUrl\":\"https:\\\/\\\/liraodonto.com.br\\\/wp-content\\\/uploads\\\/2017\\\/05\\\/Happy-Vesak-Day-1.png\",\"keywords\":[\"Fumante\",\"Lira Odonto\",\"Sa\u00fade Bucal\",\"Tabaco\"],\"articleSection\":[\"Comemora\u00e7\u00f5es\",\"Dicas\"],\"inLanguage\":\"es\",\"potentialAction\":[{\"@type\":\"CommentAction\",\"name\":\"Comment\",\"target\":[\"https:\\\/\\\/liraodonto.com.br\\\/31-de-maio-dia-mundial-sem-tabaco\\\/#respond\"]}]},{\"@type\":\"WebPage\",\"@id\":\"https:\\\/\\\/liraodonto.com.br\\\/31-de-maio-dia-mundial-sem-tabaco\\\/\",\"url\":\"https:\\\/\\\/liraodonto.com.br\\\/31-de-maio-dia-mundial-sem-tabaco\\\/\",\"name\":\"31 de maio \\\"Dia Mundial sem Tabaco\\\" - Lira Odonto\",\"isPartOf\":{\"@id\":\"https:\\\/\\\/liraodonto.com.br\\\/#website\"},\"primaryImageOfPage\":{\"@id\":\"https:\\\/\\\/liraodonto.com.br\\\/31-de-maio-dia-mundial-sem-tabaco\\\/#primaryimage\"},\"image\":{\"@id\":\"https:\\\/\\\/liraodonto.com.br\\\/31-de-maio-dia-mundial-sem-tabaco\\\/#primaryimage\"},\"thumbnailUrl\":\"https:\\\/\\\/liraodonto.com.br\\\/wp-content\\\/uploads\\\/2017\\\/05\\\/Happy-Vesak-Day-1.png\",\"datePublished\":\"2017-05-31T10:00:18+00:00\",\"breadcrumb\":{\"@id\":\"https:\\\/\\\/liraodonto.com.br\\\/31-de-maio-dia-mundial-sem-tabaco\\\/#breadcrumb\"},\"inLanguage\":\"es\",\"potentialAction\":[{\"@type\":\"ReadAction\",\"target\":[\"https:\\\/\\\/liraodonto.com.br\\\/31-de-maio-dia-mundial-sem-tabaco\\\/\"]}]},{\"@type\":\"ImageObject\",\"inLanguage\":\"es\",\"@id\":\"https:\\\/\\\/liraodonto.com.br\\\/31-de-maio-dia-mundial-sem-tabaco\\\/#primaryimage\",\"url\":\"https:\\\/\\\/liraodonto.com.br\\\/wp-content\\\/uploads\\\/2017\\\/05\\\/Happy-Vesak-Day-1.png\",\"contentUrl\":\"https:\\\/\\\/liraodonto.com.br\\\/wp-content\\\/uploads\\\/2017\\\/05\\\/Happy-Vesak-Day-1.png\",\"width\":800,\"height\":800},{\"@type\":\"BreadcrumbList\",\"@id\":\"https:\\\/\\\/liraodonto.com.br\\\/31-de-maio-dia-mundial-sem-tabaco\\\/#breadcrumb\",\"itemListElement\":[{\"@type\":\"ListItem\",\"position\":1,\"name\":\"In\u00edcio\",\"item\":\"https:\\\/\\\/liraodonto.com.br\\\/\"},{\"@type\":\"ListItem\",\"position\":2,\"name\":\"31 de maio &#8220;Dia Mundial sem Tabaco&#8221;\"}]},{\"@type\":\"WebSite\",\"@id\":\"https:\\\/\\\/liraodonto.com.br\\\/#website\",\"url\":\"https:\\\/\\\/liraodonto.com.br\\\/\",\"name\":\"Lira Odonto\",\"description\":\"\",\"publisher\":{\"@id\":\"https:\\\/\\\/liraodonto.com.br\\\/#organization\"},\"potentialAction\":[{\"@type\":\"SearchAction\",\"target\":{\"@type\":\"EntryPoint\",\"urlTemplate\":\"https:\\\/\\\/liraodonto.com.br\\\/?s={search_term_string}\"},\"query-input\":{\"@type\":\"PropertyValueSpecification\",\"valueRequired\":true,\"valueName\":\"search_term_string\"}}],\"inLanguage\":\"es\"},{\"@type\":\"Organization\",\"@id\":\"https:\\\/\\\/liraodonto.com.br\\\/#organization\",\"name\":\"Lira Odonto\",\"url\":\"https:\\\/\\\/liraodonto.com.br\\\/\",\"logo\":{\"@type\":\"ImageObject\",\"inLanguage\":\"es\",\"@id\":\"https:\\\/\\\/liraodonto.com.br\\\/#\\\/schema\\\/logo\\\/image\\\/\",\"url\":\"https:\\\/\\\/liraodonto.com.br\\\/wp-content\\\/uploads\\\/2016\\\/04\\\/cropped-cropped-lira_odonto_site.png\",\"contentUrl\":\"https:\\\/\\\/liraodonto.com.br\\\/wp-content\\\/uploads\\\/2016\\\/04\\\/cropped-cropped-lira_odonto_site.png\",\"width\":200,\"height\":46,\"caption\":\"Lira Odonto\"},\"image\":{\"@id\":\"https:\\\/\\\/liraodonto.com.br\\\/#\\\/schema\\\/logo\\\/image\\\/\"},\"sameAs\":[\"https:\\\/\\\/www.facebook.com\\\/liraodonto\\\/\",\"https:\\\/\\\/www.instagram.com\\\/liraodonto\\\/\"]},{\"@type\":\"Person\",\"@id\":\"https:\\\/\\\/liraodonto.com.br\\\/#\\\/schema\\\/person\\\/7865a55a52ea4145ee48ac121cf706da\",\"name\":\"admin\",\"image\":{\"@type\":\"ImageObject\",\"inLanguage\":\"es\",\"@id\":\"https:\\\/\\\/secure.gravatar.com\\\/avatar\\\/3c1a2125ec84d3a56a41750928acd3aaa12fb3f33ed34573b00ebe6ce0f53018?s=96&d=mm&r=g\",\"url\":\"https:\\\/\\\/secure.gravatar.com\\\/avatar\\\/3c1a2125ec84d3a56a41750928acd3aaa12fb3f33ed34573b00ebe6ce0f53018?s=96&d=mm&r=g\",\"contentUrl\":\"https:\\\/\\\/secure.gravatar.com\\\/avatar\\\/3c1a2125ec84d3a56a41750928acd3aaa12fb3f33ed34573b00ebe6ce0f53018?s=96&d=mm&r=g\",\"caption\":\"admin\"},\"url\":\"https:\\\/\\\/liraodonto.com.br\\\/es\\\/author\\\/admin\\\/\"}]}<\/script>\n<!-- \/ Yoast SEO plugin. -->","yoast_head_json":{"title":"31 de maio \"Dia Mundial sem Tabaco\" - Lira Odonto","robots":{"index":"index","follow":"follow","max-snippet":"max-snippet:-1","max-image-preview":"max-image-preview:large","max-video-preview":"max-video-preview:-1"},"canonical":"https:\/\/liraodonto.com.br\/es\/31-de-maio-dia-mundial-sem-tabaco\/","og_locale":"es_ES","og_type":"article","og_title":"31 de maio \"Dia Mundial sem Tabaco\" - Lira Odonto","og_description":"Desde 1987, \u00e9 comemorado anualmente em 31\/05 o Dia Mundial sem Tabaco, com o intuito de alertar sobre&hellip; Continue reading &ldquo;31 de maio &#8220;Dia Mundial sem Tabaco&#8221;&rdquo;&hellip;","og_url":"https:\/\/liraodonto.com.br\/es\/31-de-maio-dia-mundial-sem-tabaco\/","og_site_name":"Lira Odonto","article_publisher":"https:\/\/www.facebook.com\/liraodonto\/","article_published_time":"2017-05-31T10:00:18+00:00","og_image":[{"width":800,"height":800,"url":"https:\/\/liraodonto.com.br\/wp-content\/uploads\/2017\/05\/Happy-Vesak-Day-1.png","type":"image\/png"}],"author":"admin","twitter_card":"summary_large_image","twitter_misc":{"Escrito por":"admin","Tiempo de lectura":"1 minuto"},"schema":{"@context":"https:\/\/schema.org","@graph":[{"@type":"Article","@id":"https:\/\/liraodonto.com.br\/31-de-maio-dia-mundial-sem-tabaco\/#article","isPartOf":{"@id":"https:\/\/liraodonto.com.br\/31-de-maio-dia-mundial-sem-tabaco\/"},"author":{"name":"admin","@id":"https:\/\/liraodonto.com.br\/#\/schema\/person\/7865a55a52ea4145ee48ac121cf706da"},"headline":"31 de maio &#8220;Dia Mundial sem Tabaco&#8221;","datePublished":"2017-05-31T10:00:18+00:00","mainEntityOfPage":{"@id":"https:\/\/liraodonto.com.br\/31-de-maio-dia-mundial-sem-tabaco\/"},"wordCount":160,"commentCount":0,"publisher":{"@id":"https:\/\/liraodonto.com.br\/#organization"},"image":{"@id":"https:\/\/liraodonto.com.br\/31-de-maio-dia-mundial-sem-tabaco\/#primaryimage"},"thumbnailUrl":"https:\/\/liraodonto.com.br\/wp-content\/uploads\/2017\/05\/Happy-Vesak-Day-1.png","keywords":["Fumante","Lira Odonto","Sa\u00fade Bucal","Tabaco"],"articleSection":["Comemora\u00e7\u00f5es","Dicas"],"inLanguage":"es","potentialAction":[{"@type":"CommentAction","name":"Comment","target":["https:\/\/liraodonto.com.br\/31-de-maio-dia-mundial-sem-tabaco\/#respond"]}]},{"@type":"WebPage","@id":"https:\/\/liraodonto.com.br\/31-de-maio-dia-mundial-sem-tabaco\/","url":"https:\/\/liraodonto.com.br\/31-de-maio-dia-mundial-sem-tabaco\/","name":"31 de maio \"Dia Mundial sem Tabaco\" - Lira Odonto","isPartOf":{"@id":"https:\/\/liraodonto.com.br\/#website"},"primaryImageOfPage":{"@id":"https:\/\/liraodonto.com.br\/31-de-maio-dia-mundial-sem-tabaco\/#primaryimage"},"image":{"@id":"https:\/\/liraodonto.com.br\/31-de-maio-dia-mundial-sem-tabaco\/#primaryimage"},"thumbnailUrl":"https:\/\/liraodonto.com.br\/wp-content\/uploads\/2017\/05\/Happy-Vesak-Day-1.png","datePublished":"2017-05-31T10:00:18+00:00","breadcrumb":{"@id":"https:\/\/liraodonto.com.br\/31-de-maio-dia-mundial-sem-tabaco\/#breadcrumb"},"inLanguage":"es","potentialAction":[{"@type":"ReadAction","target":["https:\/\/liraodonto.com.br\/31-de-maio-dia-mundial-sem-tabaco\/"]}]},{"@type":"ImageObject","inLanguage":"es","@id":"https:\/\/liraodonto.com.br\/31-de-maio-dia-mundial-sem-tabaco\/#primaryimage","url":"https:\/\/liraodonto.com.br\/wp-content\/uploads\/2017\/05\/Happy-Vesak-Day-1.png","contentUrl":"https:\/\/liraodonto.com.br\/wp-content\/uploads\/2017\/05\/Happy-Vesak-Day-1.png","width":800,"height":800},{"@type":"BreadcrumbList","@id":"https:\/\/liraodonto.com.br\/31-de-maio-dia-mundial-sem-tabaco\/#breadcrumb","itemListElement":[{"@type":"ListItem","position":1,"name":"In\u00edcio","item":"https:\/\/liraodonto.com.br\/"},{"@type":"ListItem","position":2,"name":"31 de maio &#8220;Dia Mundial sem Tabaco&#8221;"}]},{"@type":"WebSite","@id":"https:\/\/liraodonto.com.br\/#website","url":"https:\/\/liraodonto.com.br\/","name":"Lira Odonto","description":"","publisher":{"@id":"https:\/\/liraodonto.com.br\/#organization"},"potentialAction":[{"@type":"SearchAction","target":{"@type":"EntryPoint","urlTemplate":"https:\/\/liraodonto.com.br\/?s={search_term_string}"},"query-input":{"@type":"PropertyValueSpecification","valueRequired":true,"valueName":"search_term_string"}}],"inLanguage":"es"},{"@type":"Organization","@id":"https:\/\/liraodonto.com.br\/#organization","name":"Lira Odonto","url":"https:\/\/liraodonto.com.br\/","logo":{"@type":"ImageObject","inLanguage":"es","@id":"https:\/\/liraodonto.com.br\/#\/schema\/logo\/image\/","url":"https:\/\/liraodonto.com.br\/wp-content\/uploads\/2016\/04\/cropped-cropped-lira_odonto_site.png","contentUrl":"https:\/\/liraodonto.com.br\/wp-content\/uploads\/2016\/04\/cropped-cropped-lira_odonto_site.png","width":200,"height":46,"caption":"Lira Odonto"},"image":{"@id":"https:\/\/liraodonto.com.br\/#\/schema\/logo\/image\/"},"sameAs":["https:\/\/www.facebook.com\/liraodonto\/","https:\/\/www.instagram.com\/liraodonto\/"]},{"@type":"Person","@id":"https:\/\/liraodonto.com.br\/#\/schema\/person\/7865a55a52ea4145ee48ac121cf706da","name":"admin","image":{"@type":"ImageObject","inLanguage":"es","@id":"https:\/\/secure.gravatar.com\/avatar\/3c1a2125ec84d3a56a41750928acd3aaa12fb3f33ed34573b00ebe6ce0f53018?s=96&d=mm&r=g","url":"https:\/\/secure.gravatar.com\/avatar\/3c1a2125ec84d3a56a41750928acd3aaa12fb3f33ed34573b00ebe6ce0f53018?s=96&d=mm&r=g","contentUrl":"https:\/\/secure.gravatar.com\/avatar\/3c1a2125ec84d3a56a41750928acd3aaa12fb3f33ed34573b00ebe6ce0f53018?s=96&d=mm&r=g","caption":"admin"},"url":"https:\/\/liraodonto.com.br\/es\/author\/admin\/"}]}},"wps_subtitle":"","_links":{"self":[{"href":"https:\/\/liraodonto.com.br\/es\/wp-json\/wp\/v2\/posts\/3454","targetHints":{"allow":["GET"]}}],"collection":[{"href":"https:\/\/liraodonto.com.br\/es\/wp-json\/wp\/v2\/posts"}],"about":[{"href":"https:\/\/liraodonto.com.br\/es\/wp-json\/wp\/v2\/types\/post"}],"author":[{"embeddable":true,"href":"https:\/\/liraodonto.com.br\/es\/wp-json\/wp\/v2\/users\/1"}],"replies":[{"embeddable":true,"href":"https:\/\/liraodonto.com.br\/es\/wp-json\/wp\/v2\/comments?post=3454"}],"version-history":[{"count":4,"href":"https:\/\/liraodonto.com.br\/es\/wp-json\/wp\/v2\/posts\/3454\/revisions"}],"predecessor-version":[{"id":3462,"href":"https:\/\/liraodonto.com.br\/es\/wp-json\/wp\/v2\/posts\/3454\/revisions\/3462"}],"wp:featuredmedia":[{"embeddable":true,"href":"https:\/\/liraodonto.com.br\/es\/wp-json\/wp\/v2\/media\/3455"}],"wp:attachment":[{"href":"https:\/\/liraodonto.com.br\/es\/wp-json\/wp\/v2\/media?parent=3454"}],"wp:term":[{"taxonomy":"category","embeddable":true,"href":"https:\/\/liraodonto.com.br\/es\/wp-json\/wp\/v2\/categories?post=3454"},{"taxonomy":"post_tag","embeddable":true,"href":"https:\/\/liraodonto.com.br\/es\/wp-json\/wp\/v2\/tags?post=3454"}],"curies":[{"name":"wp","href":"https:\/\/api.w.org\/{rel}","templated":true}]}}