{"id":3614,"date":"2017-08-31T15:23:09","date_gmt":"2017-08-31T18:23:09","guid":{"rendered":"https:\/\/liraodonto.com.br\/?p=3614"},"modified":"2017-09-27T15:26:58","modified_gmt":"2017-09-27T18:26:58","slug":"saude-bucal-infantil","status":"publish","type":"post","link":"https:\/\/liraodonto.com.br\/es\/saude-bucal-infantil\/","title":{"rendered":"Sa\u00fade bucal Infantil"},"content":{"rendered":"<p>A import\u00e2ncia da sa\u00fade bucal deve ser ensinada ao seu <a href=\"https:\/\/liraodonto.com.br\/es\/tratamentos\/odontopediatria\/\">filho<\/a> o quanto antes para que ele mantenha esse costume ao passar dos anos. Os pais s\u00e3o respons\u00e1veis pela sa\u00fade bucal dos seus pequenos e por isso \u00e9 interessante incentivar as visitas ao dentista regularmente.<\/p>","protected":false},"excerpt":{"rendered":"<div class=\"entry-summary\">\n<div class=\"entry-summary\">\nA import\u00e2ncia da sa\u00fade bucal deve ser ensinada ao seu filho o quanto antes para que ele mantenha&hellip;\n<\/div>\n<div class=\"link-more\"><a href=\"https:\/\/liraodonto.com.br\/es\/saude-bucal-infantil\/\" class=\"more-link\">Continue reading<span class=\"screen-reader-text\"> &ldquo;Sa\u00fade bucal Infantil&rdquo;<\/span>&hellip;<\/a><\/div>\n<\/div>\n<div class=\"link-more\"><a href=\"https:\/\/liraodonto.com.br\/es\/saude-bucal-infantil\/\" class=\"more-link\">Continue reading<span class=\"screen-reader-text\"> &ldquo;Sa\u00fade bucal Infantil&rdquo;<\/span>&hellip;<\/a><\/div>","protected":false},"author":1,"featured_media":3615,"comment_status":"open","ping_status":"open","sticky":false,"template":"","format":"standard","meta":{"_acf_changed":false,"_monsterinsights_skip_tracking":false,"_monsterinsights_sitenote_active":false,"_monsterinsights_sitenote_note":"","_monsterinsights_sitenote_category":0,"_joinchat":[],"footnotes":""},"categories":[112],"tags":[236,109],"class_list":["post-3614","post","type-post","status-publish","format-standard","has-post-thumbnail","hentry","category-odontopediatria","tag-odontopediatria","tag-saude-bucal","entry"],"acf":[],"yoast_head":"<!-- This site is optimized with the Yoast SEO plugin v27.5 - https:\/\/yoast.com\/product\/yoast-seo-wordpress\/ -->\n<title>Sa\u00fade bucal Infantil - Lira Odonto<\/title>\n<meta name=\"robots\" content=\"index, follow, max-snippet:-1, max-image-preview:large, max-video-preview:-1\" \/>\n<link rel=\"canonical\" href=\"https:\/\/liraodonto.com.br\/es\/saude-bucal-infantil\/\" \/>\n<meta property=\"og:locale\" content=\"es_ES\" \/>\n<meta property=\"og:type\" content=\"article\" \/>\n<meta property=\"og:title\" content=\"Sa\u00fade bucal Infantil - Lira Odonto\" \/>\n<meta property=\"og:description\" content=\"A import\u00e2ncia da sa\u00fade bucal deve ser ensinada ao seu filho o quanto antes para que ele mantenha&hellip; Continue reading &ldquo;Sa\u00fade bucal Infantil&rdquo;&hellip;\" \/>\n<meta property=\"og:url\" content=\"https:\/\/liraodonto.com.br\/es\/saude-bucal-infantil\/\" \/>\n<meta property=\"og:site_name\" content=\"Lira Odonto\" \/>\n<meta property=\"article:publisher\" content=\"https:\/\/www.facebook.com\/liraodonto\/\" \/>\n<meta property=\"article:published_time\" content=\"2017-08-31T18:23:09+00:00\" \/>\n<meta property=\"article:modified_time\" content=\"2017-09-27T18:26:58+00:00\" \/>\n<meta property=\"og:image\" content=\"https:\/\/liraodonto.com.br\/wp-content\/uploads\/2017\/09\/21192145_1661270873891378_3217048597541980197_n.jpg\" \/>\n\t<meta property=\"og:image:width\" content=\"500\" \/>\n\t<meta property=\"og:image:height\" content=\"500\" \/>\n\t<meta property=\"og:image:type\" content=\"image\/jpeg\" \/>\n<meta name=\"author\" content=\"admin\" \/>\n<meta name=\"twitter:card\" content=\"summary_large_image\" \/>\n<meta name=\"twitter:label1\" content=\"Escrito por\" \/>\n\t<meta name=\"twitter:data1\" content=\"admin\" \/>\n<script type=\"application\/ld+json\" class=\"yoast-schema-graph\">{\"@context\":\"https:\\\/\\\/schema.org\",\"@graph\":[{\"@type\":\"Article\",\"@id\":\"https:\\\/\\\/liraodonto.com.br\\\/saude-bucal-infantil\\\/#article\",\"isPartOf\":{\"@id\":\"https:\\\/\\\/liraodonto.com.br\\\/saude-bucal-infantil\\\/\"},\"author\":{\"name\":\"admin\",\"@id\":\"https:\\\/\\\/liraodonto.com.br\\\/#\\\/schema\\\/person\\\/7865a55a52ea4145ee48ac121cf706da\"},\"headline\":\"Sa\u00fade bucal Infantil\",\"datePublished\":\"2017-08-31T18:23:09+00:00\",\"dateModified\":\"2017-09-27T18:26:58+00:00\",\"mainEntityOfPage\":{\"@id\":\"https:\\\/\\\/liraodonto.com.br\\\/saude-bucal-infantil\\\/\"},\"wordCount\":53,\"commentCount\":0,\"publisher\":{\"@id\":\"https:\\\/\\\/liraodonto.com.br\\\/#organization\"},\"image\":{\"@id\":\"https:\\\/\\\/liraodonto.com.br\\\/saude-bucal-infantil\\\/#primaryimage\"},\"thumbnailUrl\":\"https:\\\/\\\/liraodonto.com.br\\\/wp-content\\\/uploads\\\/2017\\\/09\\\/21192145_1661270873891378_3217048597541980197_n.jpg\",\"keywords\":[\"Odontopediatria\",\"Sa\u00fade Bucal\"],\"articleSection\":[\"Odontopediatria\"],\"inLanguage\":\"es\",\"potentialAction\":[{\"@type\":\"CommentAction\",\"name\":\"Comment\",\"target\":[\"https:\\\/\\\/liraodonto.com.br\\\/saude-bucal-infantil\\\/#respond\"]}]},{\"@type\":\"WebPage\",\"@id\":\"https:\\\/\\\/liraodonto.com.br\\\/saude-bucal-infantil\\\/\",\"url\":\"https:\\\/\\\/liraodonto.com.br\\\/saude-bucal-infantil\\\/\",\"name\":\"Sa\u00fade bucal Infantil - Lira Odonto\",\"isPartOf\":{\"@id\":\"https:\\\/\\\/liraodonto.com.br\\\/#website\"},\"primaryImageOfPage\":{\"@id\":\"https:\\\/\\\/liraodonto.com.br\\\/saude-bucal-infantil\\\/#primaryimage\"},\"image\":{\"@id\":\"https:\\\/\\\/liraodonto.com.br\\\/saude-bucal-infantil\\\/#primaryimage\"},\"thumbnailUrl\":\"https:\\\/\\\/liraodonto.com.br\\\/wp-content\\\/uploads\\\/2017\\\/09\\\/21192145_1661270873891378_3217048597541980197_n.jpg\",\"datePublished\":\"2017-08-31T18:23:09+00:00\",\"dateModified\":\"2017-09-27T18:26:58+00:00\",\"breadcrumb\":{\"@id\":\"https:\\\/\\\/liraodonto.com.br\\\/saude-bucal-infantil\\\/#breadcrumb\"},\"inLanguage\":\"es\",\"potentialAction\":[{\"@type\":\"ReadAction\",\"target\":[\"https:\\\/\\\/liraodonto.com.br\\\/saude-bucal-infantil\\\/\"]}]},{\"@type\":\"ImageObject\",\"inLanguage\":\"es\",\"@id\":\"https:\\\/\\\/liraodonto.com.br\\\/saude-bucal-infantil\\\/#primaryimage\",\"url\":\"https:\\\/\\\/liraodonto.com.br\\\/wp-content\\\/uploads\\\/2017\\\/09\\\/21192145_1661270873891378_3217048597541980197_n.jpg\",\"contentUrl\":\"https:\\\/\\\/liraodonto.com.br\\\/wp-content\\\/uploads\\\/2017\\\/09\\\/21192145_1661270873891378_3217048597541980197_n.jpg\",\"width\":500,\"height\":500},{\"@type\":\"BreadcrumbList\",\"@id\":\"https:\\\/\\\/liraodonto.com.br\\\/saude-bucal-infantil\\\/#breadcrumb\",\"itemListElement\":[{\"@type\":\"ListItem\",\"position\":1,\"name\":\"In\u00edcio\",\"item\":\"https:\\\/\\\/liraodonto.com.br\\\/\"},{\"@type\":\"ListItem\",\"position\":2,\"name\":\"Sa\u00fade bucal Infantil\"}]},{\"@type\":\"WebSite\",\"@id\":\"https:\\\/\\\/liraodonto.com.br\\\/#website\",\"url\":\"https:\\\/\\\/liraodonto.com.br\\\/\",\"name\":\"Lira Odonto\",\"description\":\"\",\"publisher\":{\"@id\":\"https:\\\/\\\/liraodonto.com.br\\\/#organization\"},\"potentialAction\":[{\"@type\":\"SearchAction\",\"target\":{\"@type\":\"EntryPoint\",\"urlTemplate\":\"https:\\\/\\\/liraodonto.com.br\\\/?s={search_term_string}\"},\"query-input\":{\"@type\":\"PropertyValueSpecification\",\"valueRequired\":true,\"valueName\":\"search_term_string\"}}],\"inLanguage\":\"es\"},{\"@type\":\"Organization\",\"@id\":\"https:\\\/\\\/liraodonto.com.br\\\/#organization\",\"name\":\"Lira Odonto\",\"url\":\"https:\\\/\\\/liraodonto.com.br\\\/\",\"logo\":{\"@type\":\"ImageObject\",\"inLanguage\":\"es\",\"@id\":\"https:\\\/\\\/liraodonto.com.br\\\/#\\\/schema\\\/logo\\\/image\\\/\",\"url\":\"https:\\\/\\\/liraodonto.com.br\\\/wp-content\\\/uploads\\\/2016\\\/04\\\/cropped-cropped-lira_odonto_site.png\",\"contentUrl\":\"https:\\\/\\\/liraodonto.com.br\\\/wp-content\\\/uploads\\\/2016\\\/04\\\/cropped-cropped-lira_odonto_site.png\",\"width\":200,\"height\":46,\"caption\":\"Lira Odonto\"},\"image\":{\"@id\":\"https:\\\/\\\/liraodonto.com.br\\\/#\\\/schema\\\/logo\\\/image\\\/\"},\"sameAs\":[\"https:\\\/\\\/www.facebook.com\\\/liraodonto\\\/\",\"https:\\\/\\\/www.instagram.com\\\/liraodonto\\\/\"]},{\"@type\":\"Person\",\"@id\":\"https:\\\/\\\/liraodonto.com.br\\\/#\\\/schema\\\/person\\\/7865a55a52ea4145ee48ac121cf706da\",\"name\":\"admin\",\"image\":{\"@type\":\"ImageObject\",\"inLanguage\":\"es\",\"@id\":\"https:\\\/\\\/secure.gravatar.com\\\/avatar\\\/3c1a2125ec84d3a56a41750928acd3aaa12fb3f33ed34573b00ebe6ce0f53018?s=96&d=mm&r=g\",\"url\":\"https:\\\/\\\/secure.gravatar.com\\\/avatar\\\/3c1a2125ec84d3a56a41750928acd3aaa12fb3f33ed34573b00ebe6ce0f53018?s=96&d=mm&r=g\",\"contentUrl\":\"https:\\\/\\\/secure.gravatar.com\\\/avatar\\\/3c1a2125ec84d3a56a41750928acd3aaa12fb3f33ed34573b00ebe6ce0f53018?s=96&d=mm&r=g\",\"caption\":\"admin\"},\"url\":\"https:\\\/\\\/liraodonto.com.br\\\/es\\\/author\\\/admin\\\/\"}]}<\/script>\n<!-- \/ Yoast SEO plugin. -->","yoast_head_json":{"title":"Sa\u00fade bucal Infantil - Lira Odonto","robots":{"index":"index","follow":"follow","max-snippet":"max-snippet:-1","max-image-preview":"max-image-preview:large","max-video-preview":"max-video-preview:-1"},"canonical":"https:\/\/liraodonto.com.br\/es\/saude-bucal-infantil\/","og_locale":"es_ES","og_type":"article","og_title":"Sa\u00fade bucal Infantil - Lira Odonto","og_description":"A import\u00e2ncia da sa\u00fade bucal deve ser ensinada ao seu filho o quanto antes para que ele mantenha&hellip; Continue reading &ldquo;Sa\u00fade bucal Infantil&rdquo;&hellip;","og_url":"https:\/\/liraodonto.com.br\/es\/saude-bucal-infantil\/","og_site_name":"Lira Odonto","article_publisher":"https:\/\/www.facebook.com\/liraodonto\/","article_published_time":"2017-08-31T18:23:09+00:00","article_modified_time":"2017-09-27T18:26:58+00:00","og_image":[{"width":500,"height":500,"url":"https:\/\/liraodonto.com.br\/wp-content\/uploads\/2017\/09\/21192145_1661270873891378_3217048597541980197_n.jpg","type":"image\/jpeg"}],"author":"admin","twitter_card":"summary_large_image","twitter_misc":{"Escrito por":"admin"},"schema":{"@context":"https:\/\/schema.org","@graph":[{"@type":"Article","@id":"https:\/\/liraodonto.com.br\/saude-bucal-infantil\/#article","isPartOf":{"@id":"https:\/\/liraodonto.com.br\/saude-bucal-infantil\/"},"author":{"name":"admin","@id":"https:\/\/liraodonto.com.br\/#\/schema\/person\/7865a55a52ea4145ee48ac121cf706da"},"headline":"Sa\u00fade bucal Infantil","datePublished":"2017-08-31T18:23:09+00:00","dateModified":"2017-09-27T18:26:58+00:00","mainEntityOfPage":{"@id":"https:\/\/liraodonto.com.br\/saude-bucal-infantil\/"},"wordCount":53,"commentCount":0,"publisher":{"@id":"https:\/\/liraodonto.com.br\/#organization"},"image":{"@id":"https:\/\/liraodonto.com.br\/saude-bucal-infantil\/#primaryimage"},"thumbnailUrl":"https:\/\/liraodonto.com.br\/wp-content\/uploads\/2017\/09\/21192145_1661270873891378_3217048597541980197_n.jpg","keywords":["Odontopediatria","Sa\u00fade Bucal"],"articleSection":["Odontopediatria"],"inLanguage":"es","potentialAction":[{"@type":"CommentAction","name":"Comment","target":["https:\/\/liraodonto.com.br\/saude-bucal-infantil\/#respond"]}]},{"@type":"WebPage","@id":"https:\/\/liraodonto.com.br\/saude-bucal-infantil\/","url":"https:\/\/liraodonto.com.br\/saude-bucal-infantil\/","name":"Sa\u00fade bucal Infantil - Lira Odonto","isPartOf":{"@id":"https:\/\/liraodonto.com.br\/#website"},"primaryImageOfPage":{"@id":"https:\/\/liraodonto.com.br\/saude-bucal-infantil\/#primaryimage"},"image":{"@id":"https:\/\/liraodonto.com.br\/saude-bucal-infantil\/#primaryimage"},"thumbnailUrl":"https:\/\/liraodonto.com.br\/wp-content\/uploads\/2017\/09\/21192145_1661270873891378_3217048597541980197_n.jpg","datePublished":"2017-08-31T18:23:09+00:00","dateModified":"2017-09-27T18:26:58+00:00","breadcrumb":{"@id":"https:\/\/liraodonto.com.br\/saude-bucal-infantil\/#breadcrumb"},"inLanguage":"es","potentialAction":[{"@type":"ReadAction","target":["https:\/\/liraodonto.com.br\/saude-bucal-infantil\/"]}]},{"@type":"ImageObject","inLanguage":"es","@id":"https:\/\/liraodonto.com.br\/saude-bucal-infantil\/#primaryimage","url":"https:\/\/liraodonto.com.br\/wp-content\/uploads\/2017\/09\/21192145_1661270873891378_3217048597541980197_n.jpg","contentUrl":"https:\/\/liraodonto.com.br\/wp-content\/uploads\/2017\/09\/21192145_1661270873891378_3217048597541980197_n.jpg","width":500,"height":500},{"@type":"BreadcrumbList","@id":"https:\/\/liraodonto.com.br\/saude-bucal-infantil\/#breadcrumb","itemListElement":[{"@type":"ListItem","position":1,"name":"In\u00edcio","item":"https:\/\/liraodonto.com.br\/"},{"@type":"ListItem","position":2,"name":"Sa\u00fade bucal Infantil"}]},{"@type":"WebSite","@id":"https:\/\/liraodonto.com.br\/#website","url":"https:\/\/liraodonto.com.br\/","name":"Lira Odonto","description":"","publisher":{"@id":"https:\/\/liraodonto.com.br\/#organization"},"potentialAction":[{"@type":"SearchAction","target":{"@type":"EntryPoint","urlTemplate":"https:\/\/liraodonto.com.br\/?s={search_term_string}"},"query-input":{"@type":"PropertyValueSpecification","valueRequired":true,"valueName":"search_term_string"}}],"inLanguage":"es"},{"@type":"Organization","@id":"https:\/\/liraodonto.com.br\/#organization","name":"Lira Odonto","url":"https:\/\/liraodonto.com.br\/","logo":{"@type":"ImageObject","inLanguage":"es","@id":"https:\/\/liraodonto.com.br\/#\/schema\/logo\/image\/","url":"https:\/\/liraodonto.com.br\/wp-content\/uploads\/2016\/04\/cropped-cropped-lira_odonto_site.png","contentUrl":"https:\/\/liraodonto.com.br\/wp-content\/uploads\/2016\/04\/cropped-cropped-lira_odonto_site.png","width":200,"height":46,"caption":"Lira Odonto"},"image":{"@id":"https:\/\/liraodonto.com.br\/#\/schema\/logo\/image\/"},"sameAs":["https:\/\/www.facebook.com\/liraodonto\/","https:\/\/www.instagram.com\/liraodonto\/"]},{"@type":"Person","@id":"https:\/\/liraodonto.com.br\/#\/schema\/person\/7865a55a52ea4145ee48ac121cf706da","name":"admin","image":{"@type":"ImageObject","inLanguage":"es","@id":"https:\/\/secure.gravatar.com\/avatar\/3c1a2125ec84d3a56a41750928acd3aaa12fb3f33ed34573b00ebe6ce0f53018?s=96&d=mm&r=g","url":"https:\/\/secure.gravatar.com\/avatar\/3c1a2125ec84d3a56a41750928acd3aaa12fb3f33ed34573b00ebe6ce0f53018?s=96&d=mm&r=g","contentUrl":"https:\/\/secure.gravatar.com\/avatar\/3c1a2125ec84d3a56a41750928acd3aaa12fb3f33ed34573b00ebe6ce0f53018?s=96&d=mm&r=g","caption":"admin"},"url":"https:\/\/liraodonto.com.br\/es\/author\/admin\/"}]}},"wps_subtitle":"","_links":{"self":[{"href":"https:\/\/liraodonto.com.br\/es\/wp-json\/wp\/v2\/posts\/3614","targetHints":{"allow":["GET"]}}],"collection":[{"href":"https:\/\/liraodonto.com.br\/es\/wp-json\/wp\/v2\/posts"}],"about":[{"href":"https:\/\/liraodonto.com.br\/es\/wp-json\/wp\/v2\/types\/post"}],"author":[{"embeddable":true,"href":"https:\/\/liraodonto.com.br\/es\/wp-json\/wp\/v2\/users\/1"}],"replies":[{"embeddable":true,"href":"https:\/\/liraodonto.com.br\/es\/wp-json\/wp\/v2\/comments?post=3614"}],"version-history":[{"count":1,"href":"https:\/\/liraodonto.com.br\/es\/wp-json\/wp\/v2\/posts\/3614\/revisions"}],"predecessor-version":[{"id":3616,"href":"https:\/\/liraodonto.com.br\/es\/wp-json\/wp\/v2\/posts\/3614\/revisions\/3616"}],"wp:featuredmedia":[{"embeddable":true,"href":"https:\/\/liraodonto.com.br\/es\/wp-json\/wp\/v2\/media\/3615"}],"wp:attachment":[{"href":"https:\/\/liraodonto.com.br\/es\/wp-json\/wp\/v2\/media?parent=3614"}],"wp:term":[{"taxonomy":"category","embeddable":true,"href":"https:\/\/liraodonto.com.br\/es\/wp-json\/wp\/v2\/categories?post=3614"},{"taxonomy":"post_tag","embeddable":true,"href":"https:\/\/liraodonto.com.br\/es\/wp-json\/wp\/v2\/tags?post=3614"}],"curies":[{"name":"wp","href":"https:\/\/api.w.org\/{rel}","templated":true}]}}