{"id":3669,"date":"2017-10-24T08:37:22","date_gmt":"2017-10-24T11:37:22","guid":{"rendered":"https:\/\/liraodonto.com.br\/?p=3669"},"modified":"2017-10-30T08:25:33","modified_gmt":"2017-10-30T11:25:33","slug":"laserterapia","status":"publish","type":"post","link":"https:\/\/liraodonto.com.br\/es\/laserterapia\/","title":{"rendered":"Lira Odonto responde"},"content":{"rendered":"<p>Laserterapia pode tratar hipersensibilidade?<\/p>\n<p>Sim. O laser de baixa intensidade pode ser uma das op\u00e7\u00f5es para tratar a hipersensibilidade. S\u00e3o realizadas entre 3 e 5 sess\u00f5es, onde o laser estimula as c\u00e9lulas da polpa dental e esse estimulo promove veda\u00e7\u00e3o interna do dente e os sintomas desaparecem.<\/p>\n<p>Al\u00e9m disso, o laser pode ser utilizado em diversos outros tratamentos como herpes bucal, aftas, doen\u00e7a periodontal, mucosite e DTM.<\/p>\n<p>Embora herpes n\u00e3o tenha cura, o laser de baixa intensidade reduz a carga viral, acelera a cicatriza\u00e7\u00e3o, alivia a dor e repara os tecidos traumatizados. Portanto, \u00e9 uma alternativa muito eficaz que evita o uso de medicamentos que al\u00e9m de caros apresentam diversos efeitos colaterais.<\/p>\n<p>E desta forma tamb\u00e9m funciona com as aftas, no caso com as crian\u00e7as, que apresentam recorr\u00eancia de les\u00f5es ou que se alimentam mal durante a fase dolorosa das \u00falceras. No caso de quem usa aparelho ortod\u00f4ntico e tende a ter mais les\u00f5es, o laser n\u00e3o s\u00f3 auxilia na repara\u00e7\u00e3o do tecido como tamb\u00e9m reduz o surgimento de novas feridas.<\/p>\n<p>No caso de doen\u00e7a periodontal, mais especificamente na gengiva, o laser \u00e9 associado a um composto chamado fotossensiblizador, e atuam juntos em um tratamento conhecido como Terapia Fotodin\u00e2mica, visando a redu\u00e7\u00e3o de antibi\u00f3ticos e prevenindo a resist\u00eancia microbiana.<\/p>\n<p>De forma preventiva, pode e deve ser utilizado antes de aparecer os sintomas da Mucosite. As aplica\u00e7\u00f5es devem ser feitas para prevenir ou curar as les\u00f5es. Se conhecer algu\u00e9m que ir\u00e1 passar pelo tratamento de c\u00e2ncer, alerte sobre a Mucosite. Alguns pacientes ilustres como o ex presidente Lula e a apresentadora Ana Maria Braga, usaram a laserterapia durante os seus tratamentos.<\/p>\n<p>Por fim, para o tratamento da Disfun\u00e7\u00e3o Temporo Mandibular, a DTM a laserterapia tem efeito analg\u00e9sico e anti-inflamat\u00f3rio visando a melhoria da qualidade de vida e os sintomas relacionados a DTM sem o uso de medicamentos sist\u00eamicos.<\/p>\n<p>Caso voc\u00ea tenha alguma dessas doen\u00e7as, procure seu dentista imediatamente e veja com ele a possibilidade de fazer uso da laserterapia em seu tratamento.<\/p>","protected":false},"excerpt":{"rendered":"<div class=\"entry-summary\">\n<div class=\"entry-summary\">\nLaserterapia pode tratar hipersensibilidade? Sim. O laser de baixa intensidade pode ser uma das op\u00e7\u00f5es para tratar a&hellip;\n<\/div>\n<div class=\"link-more\"><a href=\"https:\/\/liraodonto.com.br\/es\/laserterapia\/\" class=\"more-link\">Continue reading<span class=\"screen-reader-text\"> &ldquo;Lira Odonto responde&rdquo;<\/span>&hellip;<\/a><\/div>\n<\/div>\n<div class=\"link-more\"><a href=\"https:\/\/liraodonto.com.br\/es\/laserterapia\/\" class=\"more-link\">Continue reading<span class=\"screen-reader-text\"> &ldquo;Lira Odonto responde&rdquo;<\/span>&hellip;<\/a><\/div>","protected":false},"author":1,"featured_media":3677,"comment_status":"open","ping_status":"open","sticky":false,"template":"","format":"standard","meta":{"_acf_changed":false,"_monsterinsights_skip_tracking":false,"_monsterinsights_sitenote_active":false,"_monsterinsights_sitenote_note":"","_monsterinsights_sitenote_category":0,"_joinchat":[],"footnotes":""},"categories":[128],"tags":[],"class_list":["post-3669","post","type-post","status-publish","format-standard","has-post-thumbnail","hentry","category-dicas","entry"],"acf":[],"yoast_head":"<!-- This site is optimized with the Yoast SEO plugin v27.5 - https:\/\/yoast.com\/product\/yoast-seo-wordpress\/ -->\n<title>Laserterapia e tratamento com laser na odontologia<\/title>\n<meta name=\"description\" content=\"Laserterapia pode tratar hipersensibilidade, herpes bucal, aftas, doen\u00e7a periodontal, mucosite e DTM. Procure orienta\u00e7\u00f5es com o seu dentista.\" \/>\n<meta name=\"robots\" content=\"index, follow, max-snippet:-1, max-image-preview:large, max-video-preview:-1\" \/>\n<link rel=\"canonical\" href=\"https:\/\/liraodonto.com.br\/es\/laserterapia\/\" \/>\n<meta property=\"og:locale\" content=\"es_ES\" \/>\n<meta property=\"og:type\" content=\"article\" \/>\n<meta property=\"og:title\" content=\"Laserterapia e tratamento com laser na odontologia\" \/>\n<meta property=\"og:description\" content=\"Laserterapia pode tratar hipersensibilidade, herpes bucal, aftas, doen\u00e7a periodontal, mucosite e DTM. Procure orienta\u00e7\u00f5es com o seu dentista.\" \/>\n<meta property=\"og:url\" content=\"https:\/\/liraodonto.com.br\/es\/laserterapia\/\" \/>\n<meta property=\"og:site_name\" content=\"Lira Odonto\" \/>\n<meta property=\"article:publisher\" content=\"https:\/\/www.facebook.com\/liraodonto\/\" \/>\n<meta property=\"article:published_time\" content=\"2017-10-24T11:37:22+00:00\" \/>\n<meta property=\"article:modified_time\" content=\"2017-10-30T11:25:33+00:00\" \/>\n<meta property=\"og:image\" content=\"https:\/\/liraodonto.com.br\/wp-content\/uploads\/2017\/10\/liraodontoresponde_.jpg\" \/>\n\t<meta property=\"og:image:width\" content=\"500\" \/>\n\t<meta property=\"og:image:height\" content=\"500\" \/>\n\t<meta property=\"og:image:type\" content=\"image\/jpeg\" \/>\n<meta name=\"author\" content=\"admin\" \/>\n<meta name=\"twitter:card\" content=\"summary_large_image\" \/>\n<meta name=\"twitter:label1\" content=\"Escrito por\" \/>\n\t<meta name=\"twitter:data1\" content=\"admin\" \/>\n\t<meta name=\"twitter:label2\" content=\"Tiempo de lectura\" \/>\n\t<meta name=\"twitter:data2\" content=\"2 minutos\" \/>\n<script type=\"application\/ld+json\" class=\"yoast-schema-graph\">{\"@context\":\"https:\\\/\\\/schema.org\",\"@graph\":[{\"@type\":\"Article\",\"@id\":\"https:\\\/\\\/liraodonto.com.br\\\/laserterapia\\\/#article\",\"isPartOf\":{\"@id\":\"https:\\\/\\\/liraodonto.com.br\\\/laserterapia\\\/\"},\"author\":{\"name\":\"admin\",\"@id\":\"https:\\\/\\\/liraodonto.com.br\\\/#\\\/schema\\\/person\\\/7865a55a52ea4145ee48ac121cf706da\"},\"headline\":\"Lira Odonto responde\",\"datePublished\":\"2017-10-24T11:37:22+00:00\",\"dateModified\":\"2017-10-30T11:25:33+00:00\",\"mainEntityOfPage\":{\"@id\":\"https:\\\/\\\/liraodonto.com.br\\\/laserterapia\\\/\"},\"wordCount\":363,\"commentCount\":0,\"publisher\":{\"@id\":\"https:\\\/\\\/liraodonto.com.br\\\/#organization\"},\"image\":{\"@id\":\"https:\\\/\\\/liraodonto.com.br\\\/laserterapia\\\/#primaryimage\"},\"thumbnailUrl\":\"https:\\\/\\\/liraodonto.com.br\\\/wp-content\\\/uploads\\\/2017\\\/10\\\/liraodontoresponde_.jpg\",\"articleSection\":[\"Dicas\"],\"inLanguage\":\"es\",\"potentialAction\":[{\"@type\":\"CommentAction\",\"name\":\"Comment\",\"target\":[\"https:\\\/\\\/liraodonto.com.br\\\/laserterapia\\\/#respond\"]}]},{\"@type\":\"WebPage\",\"@id\":\"https:\\\/\\\/liraodonto.com.br\\\/laserterapia\\\/\",\"url\":\"https:\\\/\\\/liraodonto.com.br\\\/laserterapia\\\/\",\"name\":\"Laserterapia e tratamento com laser na odontologia\",\"isPartOf\":{\"@id\":\"https:\\\/\\\/liraodonto.com.br\\\/#website\"},\"primaryImageOfPage\":{\"@id\":\"https:\\\/\\\/liraodonto.com.br\\\/laserterapia\\\/#primaryimage\"},\"image\":{\"@id\":\"https:\\\/\\\/liraodonto.com.br\\\/laserterapia\\\/#primaryimage\"},\"thumbnailUrl\":\"https:\\\/\\\/liraodonto.com.br\\\/wp-content\\\/uploads\\\/2017\\\/10\\\/liraodontoresponde_.jpg\",\"datePublished\":\"2017-10-24T11:37:22+00:00\",\"dateModified\":\"2017-10-30T11:25:33+00:00\",\"description\":\"Laserterapia pode tratar hipersensibilidade, herpes bucal, aftas, doen\u00e7a periodontal, mucosite e DTM. Procure orienta\u00e7\u00f5es com o seu dentista.\",\"breadcrumb\":{\"@id\":\"https:\\\/\\\/liraodonto.com.br\\\/laserterapia\\\/#breadcrumb\"},\"inLanguage\":\"es\",\"potentialAction\":[{\"@type\":\"ReadAction\",\"target\":[\"https:\\\/\\\/liraodonto.com.br\\\/laserterapia\\\/\"]}]},{\"@type\":\"ImageObject\",\"inLanguage\":\"es\",\"@id\":\"https:\\\/\\\/liraodonto.com.br\\\/laserterapia\\\/#primaryimage\",\"url\":\"https:\\\/\\\/liraodonto.com.br\\\/wp-content\\\/uploads\\\/2017\\\/10\\\/liraodontoresponde_.jpg\",\"contentUrl\":\"https:\\\/\\\/liraodonto.com.br\\\/wp-content\\\/uploads\\\/2017\\\/10\\\/liraodontoresponde_.jpg\",\"width\":500,\"height\":500},{\"@type\":\"BreadcrumbList\",\"@id\":\"https:\\\/\\\/liraodonto.com.br\\\/laserterapia\\\/#breadcrumb\",\"itemListElement\":[{\"@type\":\"ListItem\",\"position\":1,\"name\":\"In\u00edcio\",\"item\":\"https:\\\/\\\/liraodonto.com.br\\\/\"},{\"@type\":\"ListItem\",\"position\":2,\"name\":\"Lira Odonto responde\"}]},{\"@type\":\"WebSite\",\"@id\":\"https:\\\/\\\/liraodonto.com.br\\\/#website\",\"url\":\"https:\\\/\\\/liraodonto.com.br\\\/\",\"name\":\"Lira Odonto\",\"description\":\"\",\"publisher\":{\"@id\":\"https:\\\/\\\/liraodonto.com.br\\\/#organization\"},\"potentialAction\":[{\"@type\":\"SearchAction\",\"target\":{\"@type\":\"EntryPoint\",\"urlTemplate\":\"https:\\\/\\\/liraodonto.com.br\\\/?s={search_term_string}\"},\"query-input\":{\"@type\":\"PropertyValueSpecification\",\"valueRequired\":true,\"valueName\":\"search_term_string\"}}],\"inLanguage\":\"es\"},{\"@type\":\"Organization\",\"@id\":\"https:\\\/\\\/liraodonto.com.br\\\/#organization\",\"name\":\"Lira Odonto\",\"url\":\"https:\\\/\\\/liraodonto.com.br\\\/\",\"logo\":{\"@type\":\"ImageObject\",\"inLanguage\":\"es\",\"@id\":\"https:\\\/\\\/liraodonto.com.br\\\/#\\\/schema\\\/logo\\\/image\\\/\",\"url\":\"https:\\\/\\\/liraodonto.com.br\\\/wp-content\\\/uploads\\\/2016\\\/04\\\/cropped-cropped-lira_odonto_site.png\",\"contentUrl\":\"https:\\\/\\\/liraodonto.com.br\\\/wp-content\\\/uploads\\\/2016\\\/04\\\/cropped-cropped-lira_odonto_site.png\",\"width\":200,\"height\":46,\"caption\":\"Lira Odonto\"},\"image\":{\"@id\":\"https:\\\/\\\/liraodonto.com.br\\\/#\\\/schema\\\/logo\\\/image\\\/\"},\"sameAs\":[\"https:\\\/\\\/www.facebook.com\\\/liraodonto\\\/\",\"https:\\\/\\\/www.instagram.com\\\/liraodonto\\\/\"]},{\"@type\":\"Person\",\"@id\":\"https:\\\/\\\/liraodonto.com.br\\\/#\\\/schema\\\/person\\\/7865a55a52ea4145ee48ac121cf706da\",\"name\":\"admin\",\"image\":{\"@type\":\"ImageObject\",\"inLanguage\":\"es\",\"@id\":\"https:\\\/\\\/secure.gravatar.com\\\/avatar\\\/3c1a2125ec84d3a56a41750928acd3aaa12fb3f33ed34573b00ebe6ce0f53018?s=96&d=mm&r=g\",\"url\":\"https:\\\/\\\/secure.gravatar.com\\\/avatar\\\/3c1a2125ec84d3a56a41750928acd3aaa12fb3f33ed34573b00ebe6ce0f53018?s=96&d=mm&r=g\",\"contentUrl\":\"https:\\\/\\\/secure.gravatar.com\\\/avatar\\\/3c1a2125ec84d3a56a41750928acd3aaa12fb3f33ed34573b00ebe6ce0f53018?s=96&d=mm&r=g\",\"caption\":\"admin\"},\"url\":\"https:\\\/\\\/liraodonto.com.br\\\/es\\\/author\\\/admin\\\/\"}]}<\/script>\n<!-- \/ Yoast SEO plugin. -->","yoast_head_json":{"title":"Laserterapia e tratamento com laser na odontologia","description":"Laserterapia pode tratar hipersensibilidade, herpes bucal, aftas, doen\u00e7a periodontal, mucosite e DTM. Procure orienta\u00e7\u00f5es com o seu dentista.","robots":{"index":"index","follow":"follow","max-snippet":"max-snippet:-1","max-image-preview":"max-image-preview:large","max-video-preview":"max-video-preview:-1"},"canonical":"https:\/\/liraodonto.com.br\/es\/laserterapia\/","og_locale":"es_ES","og_type":"article","og_title":"Laserterapia e tratamento com laser na odontologia","og_description":"Laserterapia pode tratar hipersensibilidade, herpes bucal, aftas, doen\u00e7a periodontal, mucosite e DTM. Procure orienta\u00e7\u00f5es com o seu dentista.","og_url":"https:\/\/liraodonto.com.br\/es\/laserterapia\/","og_site_name":"Lira Odonto","article_publisher":"https:\/\/www.facebook.com\/liraodonto\/","article_published_time":"2017-10-24T11:37:22+00:00","article_modified_time":"2017-10-30T11:25:33+00:00","og_image":[{"width":500,"height":500,"url":"https:\/\/liraodonto.com.br\/wp-content\/uploads\/2017\/10\/liraodontoresponde_.jpg","type":"image\/jpeg"}],"author":"admin","twitter_card":"summary_large_image","twitter_misc":{"Escrito por":"admin","Tiempo de lectura":"2 minutos"},"schema":{"@context":"https:\/\/schema.org","@graph":[{"@type":"Article","@id":"https:\/\/liraodonto.com.br\/laserterapia\/#article","isPartOf":{"@id":"https:\/\/liraodonto.com.br\/laserterapia\/"},"author":{"name":"admin","@id":"https:\/\/liraodonto.com.br\/#\/schema\/person\/7865a55a52ea4145ee48ac121cf706da"},"headline":"Lira Odonto responde","datePublished":"2017-10-24T11:37:22+00:00","dateModified":"2017-10-30T11:25:33+00:00","mainEntityOfPage":{"@id":"https:\/\/liraodonto.com.br\/laserterapia\/"},"wordCount":363,"commentCount":0,"publisher":{"@id":"https:\/\/liraodonto.com.br\/#organization"},"image":{"@id":"https:\/\/liraodonto.com.br\/laserterapia\/#primaryimage"},"thumbnailUrl":"https:\/\/liraodonto.com.br\/wp-content\/uploads\/2017\/10\/liraodontoresponde_.jpg","articleSection":["Dicas"],"inLanguage":"es","potentialAction":[{"@type":"CommentAction","name":"Comment","target":["https:\/\/liraodonto.com.br\/laserterapia\/#respond"]}]},{"@type":"WebPage","@id":"https:\/\/liraodonto.com.br\/laserterapia\/","url":"https:\/\/liraodonto.com.br\/laserterapia\/","name":"Laserterapia e tratamento com laser na odontologia","isPartOf":{"@id":"https:\/\/liraodonto.com.br\/#website"},"primaryImageOfPage":{"@id":"https:\/\/liraodonto.com.br\/laserterapia\/#primaryimage"},"image":{"@id":"https:\/\/liraodonto.com.br\/laserterapia\/#primaryimage"},"thumbnailUrl":"https:\/\/liraodonto.com.br\/wp-content\/uploads\/2017\/10\/liraodontoresponde_.jpg","datePublished":"2017-10-24T11:37:22+00:00","dateModified":"2017-10-30T11:25:33+00:00","description":"Laserterapia pode tratar hipersensibilidade, herpes bucal, aftas, doen\u00e7a periodontal, mucosite e DTM. Procure orienta\u00e7\u00f5es com o seu dentista.","breadcrumb":{"@id":"https:\/\/liraodonto.com.br\/laserterapia\/#breadcrumb"},"inLanguage":"es","potentialAction":[{"@type":"ReadAction","target":["https:\/\/liraodonto.com.br\/laserterapia\/"]}]},{"@type":"ImageObject","inLanguage":"es","@id":"https:\/\/liraodonto.com.br\/laserterapia\/#primaryimage","url":"https:\/\/liraodonto.com.br\/wp-content\/uploads\/2017\/10\/liraodontoresponde_.jpg","contentUrl":"https:\/\/liraodonto.com.br\/wp-content\/uploads\/2017\/10\/liraodontoresponde_.jpg","width":500,"height":500},{"@type":"BreadcrumbList","@id":"https:\/\/liraodonto.com.br\/laserterapia\/#breadcrumb","itemListElement":[{"@type":"ListItem","position":1,"name":"In\u00edcio","item":"https:\/\/liraodonto.com.br\/"},{"@type":"ListItem","position":2,"name":"Lira Odonto responde"}]},{"@type":"WebSite","@id":"https:\/\/liraodonto.com.br\/#website","url":"https:\/\/liraodonto.com.br\/","name":"Lira Odonto","description":"","publisher":{"@id":"https:\/\/liraodonto.com.br\/#organization"},"potentialAction":[{"@type":"SearchAction","target":{"@type":"EntryPoint","urlTemplate":"https:\/\/liraodonto.com.br\/?s={search_term_string}"},"query-input":{"@type":"PropertyValueSpecification","valueRequired":true,"valueName":"search_term_string"}}],"inLanguage":"es"},{"@type":"Organization","@id":"https:\/\/liraodonto.com.br\/#organization","name":"Lira Odonto","url":"https:\/\/liraodonto.com.br\/","logo":{"@type":"ImageObject","inLanguage":"es","@id":"https:\/\/liraodonto.com.br\/#\/schema\/logo\/image\/","url":"https:\/\/liraodonto.com.br\/wp-content\/uploads\/2016\/04\/cropped-cropped-lira_odonto_site.png","contentUrl":"https:\/\/liraodonto.com.br\/wp-content\/uploads\/2016\/04\/cropped-cropped-lira_odonto_site.png","width":200,"height":46,"caption":"Lira Odonto"},"image":{"@id":"https:\/\/liraodonto.com.br\/#\/schema\/logo\/image\/"},"sameAs":["https:\/\/www.facebook.com\/liraodonto\/","https:\/\/www.instagram.com\/liraodonto\/"]},{"@type":"Person","@id":"https:\/\/liraodonto.com.br\/#\/schema\/person\/7865a55a52ea4145ee48ac121cf706da","name":"admin","image":{"@type":"ImageObject","inLanguage":"es","@id":"https:\/\/secure.gravatar.com\/avatar\/3c1a2125ec84d3a56a41750928acd3aaa12fb3f33ed34573b00ebe6ce0f53018?s=96&d=mm&r=g","url":"https:\/\/secure.gravatar.com\/avatar\/3c1a2125ec84d3a56a41750928acd3aaa12fb3f33ed34573b00ebe6ce0f53018?s=96&d=mm&r=g","contentUrl":"https:\/\/secure.gravatar.com\/avatar\/3c1a2125ec84d3a56a41750928acd3aaa12fb3f33ed34573b00ebe6ce0f53018?s=96&d=mm&r=g","caption":"admin"},"url":"https:\/\/liraodonto.com.br\/es\/author\/admin\/"}]}},"wps_subtitle":"","_links":{"self":[{"href":"https:\/\/liraodonto.com.br\/es\/wp-json\/wp\/v2\/posts\/3669","targetHints":{"allow":["GET"]}}],"collection":[{"href":"https:\/\/liraodonto.com.br\/es\/wp-json\/wp\/v2\/posts"}],"about":[{"href":"https:\/\/liraodonto.com.br\/es\/wp-json\/wp\/v2\/types\/post"}],"author":[{"embeddable":true,"href":"https:\/\/liraodonto.com.br\/es\/wp-json\/wp\/v2\/users\/1"}],"replies":[{"embeddable":true,"href":"https:\/\/liraodonto.com.br\/es\/wp-json\/wp\/v2\/comments?post=3669"}],"version-history":[{"count":2,"href":"https:\/\/liraodonto.com.br\/es\/wp-json\/wp\/v2\/posts\/3669\/revisions"}],"predecessor-version":[{"id":3672,"href":"https:\/\/liraodonto.com.br\/es\/wp-json\/wp\/v2\/posts\/3669\/revisions\/3672"}],"wp:featuredmedia":[{"embeddable":true,"href":"https:\/\/liraodonto.com.br\/es\/wp-json\/wp\/v2\/media\/3677"}],"wp:attachment":[{"href":"https:\/\/liraodonto.com.br\/es\/wp-json\/wp\/v2\/media?parent=3669"}],"wp:term":[{"taxonomy":"category","embeddable":true,"href":"https:\/\/liraodonto.com.br\/es\/wp-json\/wp\/v2\/categories?post=3669"},{"taxonomy":"post_tag","embeddable":true,"href":"https:\/\/liraodonto.com.br\/es\/wp-json\/wp\/v2\/tags?post=3669"}],"curies":[{"name":"wp","href":"https:\/\/api.w.org\/{rel}","templated":true}]}}