{"id":4038,"date":"2018-08-01T18:03:12","date_gmt":"2018-08-01T21:03:12","guid":{"rendered":"https:\/\/liraodonto.com.br\/?p=4034"},"modified":"2018-08-01T18:03:12","modified_gmt":"2018-08-01T21:03:12","slug":"amamentacao-a-base-da-vida","status":"publish","type":"post","link":"https:\/\/liraodonto.com.br\/es\/amamentacao-a-base-da-vida\/","title":{"rendered":"Amamenta\u00e7\u00e3o: a base da vida"},"content":{"rendered":"<p>Esse \u00e9 o tema da Semana Mundial de Amamenta\u00e7\u00e3o 2018, da qual 120 pa\u00edses fazem parte. \u00c9 uma semana com o intuito de motivar a\u00e7\u00f5es para promover a amamenta\u00e7\u00e3o como parte das estrat\u00e9gias de nutri\u00e7\u00e3o, seguran\u00e7a alimentar e redu\u00e7\u00e3o das desigualdades. O leite materno \u00e9 o alimento mais rico em nutrientes, mas qual a import\u00e2ncia da amamenta\u00e7\u00e3o para a denti\u00e7\u00e3o de rec\u00e9m-nascidos?<\/p>\n<p>Segundo a OMS (Organiza\u00e7\u00e3o Mundial de Sa\u00fade) o beb\u00ea deve ser amamentado at\u00e9 os 6 meses de vida, exclusivamente, e, a partir desse momento normalmente come\u00e7a a receber outros tipos de alimentos. Ao nascer, os beb\u00eas apresentam retrognatismo mandibular, ou seja, a arcada inferior se encontra retra\u00edda em rela\u00e7\u00e3o \u00e0 arcada superior. Com a amamenta\u00e7\u00e3o h\u00e1 um est\u00edmulo de crescimento da mand\u00edbula, o que favorece o correto posicionamento das arcadas e dos dentes de leite, que come\u00e7am a nascer por volta dos 6 meses. As evid\u00eancias sugerem que as crian\u00e7as amamentadas tendem a desenvolver uma oclus\u00e3o mais favor\u00e1vel na primeira denti\u00e7\u00e3o. O movimento de ordenha que o beb\u00ea realiza para extrair o leite do seio materno \u00e9 um exerc\u00edcio fisioter\u00e1pico necess\u00e1rio para o desenvolvimento de todo o sistema estomatogn\u00e1tico, ou seja, os tecidos e \u00f3rg\u00e3os que compreendem m\u00fasculos, ossos, dentes, articula\u00e7\u00f5es e gl\u00e2ndulas envolvidos no processo de mastiga\u00e7\u00e3o, degluti\u00e7\u00e3o, respira\u00e7\u00e3o e fonoarticula\u00e7\u00e3o. H\u00e1 evid\u00eancias de associa\u00e7\u00e3o entre maior dura\u00e7\u00e3o de amamenta\u00e7\u00e3o exclusiva e padr\u00e3o de respira\u00e7\u00e3o nasal apresentado pelas crian\u00e7as.<\/p>\n<p>Do ponto de vista nutricional, as propriedades \u00fanicas do leite materno o torna a melhor fonte de alimento para o beb\u00ea, cont\u00e9m agentes imunol\u00f3gicos e subst\u00e2ncias antiinflamat\u00f3rias que protegem o sistema imunol\u00f3gico imaturo do rec\u00e9m nascido. Por ser um alimento muito rico as crian\u00e7as amamentadas apresentam menor risco de desenvolvimento de v\u00e1rias doen\u00e7as como otite aguda m\u00e9dia, gastroenterite, diarreia, infec\u00e7\u00f5es respirat\u00f3rias, dentre outras. Apesar das propriedades protetoras do leite materno, este tamb\u00e9m cont\u00e9m lactose, em quantidade maior que o leite bovino. Por\u00e9m a rela\u00e7\u00e3o entre amamenta\u00e7\u00e3o e c\u00e1rie precoce na inf\u00e2ncia ainda n\u00e3o \u00e9 conclusiva. O problema se agrava quando o beb\u00ea j\u00e1 tem dentes e fica exposto ao leite materno ou qualquer outro alimento com carboidrato, em alta frequ\u00eancia e por muito tempo, por exemplo quando dorme mamando. \u00c9 responsabilidade do Odontopediatra\u00a0 orientar os pais para iniciar a escova\u00e7\u00e3o assim que o primeiro dente apare\u00e7a na cavidade bucal do beb\u00ea e iniciar uma rotina de higieniza\u00e7\u00e3o bucal.<\/p>\n<p>Amamenta\u00e7\u00e3o \u00e9 a base da vida porque:<\/p>\n<ul>\n<li>O leite materno \u00e9 rico em nutrientes;<\/li>\n<li>O movimento de suc\u00e7\u00e3o estimula a forma\u00e7\u00e3o do maxilar e da mand\u00edbula;<\/li>\n<li>O movimento de suc\u00e7\u00e3o estimula o desenvolvimento de uma oclus\u00e3o favor\u00e1vel;<\/li>\n<li>O ato de mamar contribui em movimentos futuros de fala e respira\u00e7\u00e3o;<\/li>\n<\/ul>\n<p>Lembre-se: \u00e9 importante agendar uma consulta com o Odontopediatra antes mesmo de nascerem os dentinhos do beb\u00ea, para que a fam\u00edlia receba todas as orienta\u00e7\u00f5es necess\u00e1rias de acordo com cada faixa de desevolvimento da crian\u00e7a. O Odontopediatra \u00e9 o profissional capacitado a tirar todas as d\u00favidas que surgem em rela\u00e7\u00e3o ao cuidado com o desenvolvimento oro-facial do beb\u00ea e higiene bucal.<\/p>\n<p>Refer\u00eancias consultadas:<\/p>\n<ol>\n<li>Lopes TS et al., Association between breastfeeding and breathing pattern in children : a sectional study. J Pediatr (Rio J) 2014 Jul-Aug; 90(4): 396-402.<\/li>\n<li><em>Salone, LR, Vann Jr WF, Dee DL. Breastfeeding. <\/em><em>JADA 2013;144(2):143-151.<\/em><\/li>\n<\/ol>\n<p>Para mais informa\u00e7\u00f5es ou d\u00favidas sobre acompanhamento odontol\u00f3gico de sua crian\u00e7a clique e acesse (<a href=\"https:\/\/liraodonto.com.br\/es\/tratamentos\/odontopediatria\/\">https:\/\/liraodonto.com.br\/tratamentos\/odontopediatria<\/a>\/).<\/p>","protected":false},"excerpt":{"rendered":"<div class=\"entry-summary\">\n<div class=\"entry-summary\">\nEsse \u00e9 o tema da Semana Mundial de Amamenta\u00e7\u00e3o 2018, da qual 120 pa\u00edses fazem parte. \u00c9 uma&hellip;\n<\/div>\n<div class=\"link-more\"><a href=\"https:\/\/liraodonto.com.br\/es\/amamentacao-a-base-da-vida\/\" class=\"more-link\">Continue reading<span class=\"screen-reader-text\"> &ldquo;Amamenta\u00e7\u00e3o: a base da vida&rdquo;<\/span>&hellip;<\/a><\/div>\n<\/div>\n<div class=\"link-more\"><a href=\"https:\/\/liraodonto.com.br\/es\/amamentacao-a-base-da-vida\/\" class=\"more-link\">Continue reading<span class=\"screen-reader-text\"> &ldquo;Amamenta\u00e7\u00e3o: a base da vida&rdquo;<\/span>&hellip;<\/a><\/div>","protected":false},"author":1,"featured_media":0,"comment_status":"open","ping_status":"open","sticky":false,"template":"","format":"standard","meta":{"_acf_changed":false,"_monsterinsights_skip_tracking":false,"_monsterinsights_sitenote_active":false,"_monsterinsights_sitenote_note":"","_monsterinsights_sitenote_category":0,"_joinchat":[],"footnotes":""},"categories":[1],"tags":[],"class_list":["post-4038","post","type-post","status-publish","format-standard","hentry","category-sem-categoria","entry"],"acf":[],"yoast_head":"<!-- This site is optimized with the Yoast SEO plugin v27.5 - https:\/\/yoast.com\/product\/yoast-seo-wordpress\/ -->\n<title>Amamenta\u00e7\u00e3o: a base da vida - Lira Odonto<\/title>\n<meta name=\"robots\" content=\"index, follow, max-snippet:-1, max-image-preview:large, max-video-preview:-1\" \/>\n<link rel=\"canonical\" href=\"https:\/\/liraodonto.com.br\/es\/amamentacao-a-base-da-vida\/\" \/>\n<meta property=\"og:locale\" content=\"es_ES\" \/>\n<meta property=\"og:type\" content=\"article\" \/>\n<meta property=\"og:title\" content=\"Amamenta\u00e7\u00e3o: a base da vida - Lira Odonto\" \/>\n<meta property=\"og:description\" content=\"Esse \u00e9 o tema da Semana Mundial de Amamenta\u00e7\u00e3o 2018, da qual 120 pa\u00edses fazem parte. \u00c9 uma&hellip; Continue reading &ldquo;Amamenta\u00e7\u00e3o: a base da vida&rdquo;&hellip;\" \/>\n<meta property=\"og:url\" content=\"https:\/\/liraodonto.com.br\/es\/amamentacao-a-base-da-vida\/\" \/>\n<meta property=\"og:site_name\" content=\"Lira Odonto\" \/>\n<meta property=\"article:publisher\" content=\"https:\/\/www.facebook.com\/liraodonto\/\" \/>\n<meta property=\"article:published_time\" content=\"2018-08-01T21:03:12+00:00\" \/>\n<meta name=\"author\" content=\"admin\" \/>\n<meta name=\"twitter:card\" content=\"summary_large_image\" \/>\n<meta name=\"twitter:label1\" content=\"Escrito por\" \/>\n\t<meta name=\"twitter:data1\" content=\"admin\" \/>\n\t<meta name=\"twitter:label2\" content=\"Tiempo de lectura\" \/>\n\t<meta name=\"twitter:data2\" content=\"3 minutos\" \/>\n<script type=\"application\/ld+json\" class=\"yoast-schema-graph\">{\"@context\":\"https:\\\/\\\/schema.org\",\"@graph\":[{\"@type\":\"Article\",\"@id\":\"https:\\\/\\\/liraodonto.com.br\\\/amamentacao-a-base-da-vida\\\/#article\",\"isPartOf\":{\"@id\":\"https:\\\/\\\/liraodonto.com.br\\\/amamentacao-a-base-da-vida\\\/\"},\"author\":{\"name\":\"admin\",\"@id\":\"https:\\\/\\\/liraodonto.com.br\\\/#\\\/schema\\\/person\\\/7865a55a52ea4145ee48ac121cf706da\"},\"headline\":\"Amamenta\u00e7\u00e3o: a base da vida\",\"datePublished\":\"2018-08-01T21:03:12+00:00\",\"mainEntityOfPage\":{\"@id\":\"https:\\\/\\\/liraodonto.com.br\\\/amamentacao-a-base-da-vida\\\/\"},\"wordCount\":633,\"commentCount\":0,\"publisher\":{\"@id\":\"https:\\\/\\\/liraodonto.com.br\\\/#organization\"},\"articleSection\":[\"Sem categoria\"],\"inLanguage\":\"es\",\"potentialAction\":[{\"@type\":\"CommentAction\",\"name\":\"Comment\",\"target\":[\"https:\\\/\\\/liraodonto.com.br\\\/amamentacao-a-base-da-vida\\\/#respond\"]}]},{\"@type\":\"WebPage\",\"@id\":\"https:\\\/\\\/liraodonto.com.br\\\/amamentacao-a-base-da-vida\\\/\",\"url\":\"https:\\\/\\\/liraodonto.com.br\\\/amamentacao-a-base-da-vida\\\/\",\"name\":\"Amamenta\u00e7\u00e3o: a base da vida - Lira Odonto\",\"isPartOf\":{\"@id\":\"https:\\\/\\\/liraodonto.com.br\\\/#website\"},\"datePublished\":\"2018-08-01T21:03:12+00:00\",\"breadcrumb\":{\"@id\":\"https:\\\/\\\/liraodonto.com.br\\\/amamentacao-a-base-da-vida\\\/#breadcrumb\"},\"inLanguage\":\"es\",\"potentialAction\":[{\"@type\":\"ReadAction\",\"target\":[\"https:\\\/\\\/liraodonto.com.br\\\/amamentacao-a-base-da-vida\\\/\"]}]},{\"@type\":\"BreadcrumbList\",\"@id\":\"https:\\\/\\\/liraodonto.com.br\\\/amamentacao-a-base-da-vida\\\/#breadcrumb\",\"itemListElement\":[{\"@type\":\"ListItem\",\"position\":1,\"name\":\"In\u00edcio\",\"item\":\"https:\\\/\\\/liraodonto.com.br\\\/\"},{\"@type\":\"ListItem\",\"position\":2,\"name\":\"Amamenta\u00e7\u00e3o: a base da vida\"}]},{\"@type\":\"WebSite\",\"@id\":\"https:\\\/\\\/liraodonto.com.br\\\/#website\",\"url\":\"https:\\\/\\\/liraodonto.com.br\\\/\",\"name\":\"Lira Odonto\",\"description\":\"\",\"publisher\":{\"@id\":\"https:\\\/\\\/liraodonto.com.br\\\/#organization\"},\"potentialAction\":[{\"@type\":\"SearchAction\",\"target\":{\"@type\":\"EntryPoint\",\"urlTemplate\":\"https:\\\/\\\/liraodonto.com.br\\\/?s={search_term_string}\"},\"query-input\":{\"@type\":\"PropertyValueSpecification\",\"valueRequired\":true,\"valueName\":\"search_term_string\"}}],\"inLanguage\":\"es\"},{\"@type\":\"Organization\",\"@id\":\"https:\\\/\\\/liraodonto.com.br\\\/#organization\",\"name\":\"Lira Odonto\",\"url\":\"https:\\\/\\\/liraodonto.com.br\\\/\",\"logo\":{\"@type\":\"ImageObject\",\"inLanguage\":\"es\",\"@id\":\"https:\\\/\\\/liraodonto.com.br\\\/#\\\/schema\\\/logo\\\/image\\\/\",\"url\":\"https:\\\/\\\/liraodonto.com.br\\\/wp-content\\\/uploads\\\/2016\\\/04\\\/cropped-cropped-lira_odonto_site.png\",\"contentUrl\":\"https:\\\/\\\/liraodonto.com.br\\\/wp-content\\\/uploads\\\/2016\\\/04\\\/cropped-cropped-lira_odonto_site.png\",\"width\":200,\"height\":46,\"caption\":\"Lira Odonto\"},\"image\":{\"@id\":\"https:\\\/\\\/liraodonto.com.br\\\/#\\\/schema\\\/logo\\\/image\\\/\"},\"sameAs\":[\"https:\\\/\\\/www.facebook.com\\\/liraodonto\\\/\",\"https:\\\/\\\/www.instagram.com\\\/liraodonto\\\/\"]},{\"@type\":\"Person\",\"@id\":\"https:\\\/\\\/liraodonto.com.br\\\/#\\\/schema\\\/person\\\/7865a55a52ea4145ee48ac121cf706da\",\"name\":\"admin\",\"image\":{\"@type\":\"ImageObject\",\"inLanguage\":\"es\",\"@id\":\"https:\\\/\\\/secure.gravatar.com\\\/avatar\\\/3c1a2125ec84d3a56a41750928acd3aaa12fb3f33ed34573b00ebe6ce0f53018?s=96&d=mm&r=g\",\"url\":\"https:\\\/\\\/secure.gravatar.com\\\/avatar\\\/3c1a2125ec84d3a56a41750928acd3aaa12fb3f33ed34573b00ebe6ce0f53018?s=96&d=mm&r=g\",\"contentUrl\":\"https:\\\/\\\/secure.gravatar.com\\\/avatar\\\/3c1a2125ec84d3a56a41750928acd3aaa12fb3f33ed34573b00ebe6ce0f53018?s=96&d=mm&r=g\",\"caption\":\"admin\"},\"url\":\"https:\\\/\\\/liraodonto.com.br\\\/es\\\/author\\\/admin\\\/\"}]}<\/script>\n<!-- \/ Yoast SEO plugin. -->","yoast_head_json":{"title":"Amamenta\u00e7\u00e3o: a base da vida - Lira Odonto","robots":{"index":"index","follow":"follow","max-snippet":"max-snippet:-1","max-image-preview":"max-image-preview:large","max-video-preview":"max-video-preview:-1"},"canonical":"https:\/\/liraodonto.com.br\/es\/amamentacao-a-base-da-vida\/","og_locale":"es_ES","og_type":"article","og_title":"Amamenta\u00e7\u00e3o: a base da vida - Lira Odonto","og_description":"Esse \u00e9 o tema da Semana Mundial de Amamenta\u00e7\u00e3o 2018, da qual 120 pa\u00edses fazem parte. \u00c9 uma&hellip; Continue reading &ldquo;Amamenta\u00e7\u00e3o: a base da vida&rdquo;&hellip;","og_url":"https:\/\/liraodonto.com.br\/es\/amamentacao-a-base-da-vida\/","og_site_name":"Lira Odonto","article_publisher":"https:\/\/www.facebook.com\/liraodonto\/","article_published_time":"2018-08-01T21:03:12+00:00","author":"admin","twitter_card":"summary_large_image","twitter_misc":{"Escrito por":"admin","Tiempo de lectura":"3 minutos"},"schema":{"@context":"https:\/\/schema.org","@graph":[{"@type":"Article","@id":"https:\/\/liraodonto.com.br\/amamentacao-a-base-da-vida\/#article","isPartOf":{"@id":"https:\/\/liraodonto.com.br\/amamentacao-a-base-da-vida\/"},"author":{"name":"admin","@id":"https:\/\/liraodonto.com.br\/#\/schema\/person\/7865a55a52ea4145ee48ac121cf706da"},"headline":"Amamenta\u00e7\u00e3o: a base da vida","datePublished":"2018-08-01T21:03:12+00:00","mainEntityOfPage":{"@id":"https:\/\/liraodonto.com.br\/amamentacao-a-base-da-vida\/"},"wordCount":633,"commentCount":0,"publisher":{"@id":"https:\/\/liraodonto.com.br\/#organization"},"articleSection":["Sem categoria"],"inLanguage":"es","potentialAction":[{"@type":"CommentAction","name":"Comment","target":["https:\/\/liraodonto.com.br\/amamentacao-a-base-da-vida\/#respond"]}]},{"@type":"WebPage","@id":"https:\/\/liraodonto.com.br\/amamentacao-a-base-da-vida\/","url":"https:\/\/liraodonto.com.br\/amamentacao-a-base-da-vida\/","name":"Amamenta\u00e7\u00e3o: a base da vida - Lira Odonto","isPartOf":{"@id":"https:\/\/liraodonto.com.br\/#website"},"datePublished":"2018-08-01T21:03:12+00:00","breadcrumb":{"@id":"https:\/\/liraodonto.com.br\/amamentacao-a-base-da-vida\/#breadcrumb"},"inLanguage":"es","potentialAction":[{"@type":"ReadAction","target":["https:\/\/liraodonto.com.br\/amamentacao-a-base-da-vida\/"]}]},{"@type":"BreadcrumbList","@id":"https:\/\/liraodonto.com.br\/amamentacao-a-base-da-vida\/#breadcrumb","itemListElement":[{"@type":"ListItem","position":1,"name":"In\u00edcio","item":"https:\/\/liraodonto.com.br\/"},{"@type":"ListItem","position":2,"name":"Amamenta\u00e7\u00e3o: a base da vida"}]},{"@type":"WebSite","@id":"https:\/\/liraodonto.com.br\/#website","url":"https:\/\/liraodonto.com.br\/","name":"Lira Odonto","description":"","publisher":{"@id":"https:\/\/liraodonto.com.br\/#organization"},"potentialAction":[{"@type":"SearchAction","target":{"@type":"EntryPoint","urlTemplate":"https:\/\/liraodonto.com.br\/?s={search_term_string}"},"query-input":{"@type":"PropertyValueSpecification","valueRequired":true,"valueName":"search_term_string"}}],"inLanguage":"es"},{"@type":"Organization","@id":"https:\/\/liraodonto.com.br\/#organization","name":"Lira Odonto","url":"https:\/\/liraodonto.com.br\/","logo":{"@type":"ImageObject","inLanguage":"es","@id":"https:\/\/liraodonto.com.br\/#\/schema\/logo\/image\/","url":"https:\/\/liraodonto.com.br\/wp-content\/uploads\/2016\/04\/cropped-cropped-lira_odonto_site.png","contentUrl":"https:\/\/liraodonto.com.br\/wp-content\/uploads\/2016\/04\/cropped-cropped-lira_odonto_site.png","width":200,"height":46,"caption":"Lira Odonto"},"image":{"@id":"https:\/\/liraodonto.com.br\/#\/schema\/logo\/image\/"},"sameAs":["https:\/\/www.facebook.com\/liraodonto\/","https:\/\/www.instagram.com\/liraodonto\/"]},{"@type":"Person","@id":"https:\/\/liraodonto.com.br\/#\/schema\/person\/7865a55a52ea4145ee48ac121cf706da","name":"admin","image":{"@type":"ImageObject","inLanguage":"es","@id":"https:\/\/secure.gravatar.com\/avatar\/3c1a2125ec84d3a56a41750928acd3aaa12fb3f33ed34573b00ebe6ce0f53018?s=96&d=mm&r=g","url":"https:\/\/secure.gravatar.com\/avatar\/3c1a2125ec84d3a56a41750928acd3aaa12fb3f33ed34573b00ebe6ce0f53018?s=96&d=mm&r=g","contentUrl":"https:\/\/secure.gravatar.com\/avatar\/3c1a2125ec84d3a56a41750928acd3aaa12fb3f33ed34573b00ebe6ce0f53018?s=96&d=mm&r=g","caption":"admin"},"url":"https:\/\/liraodonto.com.br\/es\/author\/admin\/"}]}},"wps_subtitle":"","_links":{"self":[{"href":"https:\/\/liraodonto.com.br\/es\/wp-json\/wp\/v2\/posts\/4038","targetHints":{"allow":["GET"]}}],"collection":[{"href":"https:\/\/liraodonto.com.br\/es\/wp-json\/wp\/v2\/posts"}],"about":[{"href":"https:\/\/liraodonto.com.br\/es\/wp-json\/wp\/v2\/types\/post"}],"author":[{"embeddable":true,"href":"https:\/\/liraodonto.com.br\/es\/wp-json\/wp\/v2\/users\/1"}],"replies":[{"embeddable":true,"href":"https:\/\/liraodonto.com.br\/es\/wp-json\/wp\/v2\/comments?post=4038"}],"version-history":[{"count":0,"href":"https:\/\/liraodonto.com.br\/es\/wp-json\/wp\/v2\/posts\/4038\/revisions"}],"wp:attachment":[{"href":"https:\/\/liraodonto.com.br\/es\/wp-json\/wp\/v2\/media?parent=4038"}],"wp:term":[{"taxonomy":"category","embeddable":true,"href":"https:\/\/liraodonto.com.br\/es\/wp-json\/wp\/v2\/categories?post=4038"},{"taxonomy":"post_tag","embeddable":true,"href":"https:\/\/liraodonto.com.br\/es\/wp-json\/wp\/v2\/tags?post=4038"}],"curies":[{"name":"wp","href":"https:\/\/api.w.org\/{rel}","templated":true}]}}