{"id":4060,"date":"2018-09-10T19:08:13","date_gmt":"2018-09-10T22:08:13","guid":{"rendered":"https:\/\/liraodonto.com.br\/?p=4060"},"modified":"2019-09-09T15:30:11","modified_gmt":"2019-09-09T18:30:11","slug":"campanhasetembroamarelo","status":"publish","type":"post","link":"https:\/\/liraodonto.com.br\/es\/campanhasetembroamarelo\/","title":{"rendered":"Campanha Setembro Amarelo, vamos falar sobre suic\u00eddio?"},"content":{"rendered":"<p>A campanha Setembro Amarelo teve in\u00edcio em 2015 no Brasil, o m\u00eas foi escolhido por causa do dia (10) Mundial da Preven\u00e7\u00e3o ao Suic\u00eddio. Foi uma iniciativa do Centro de Valoriza\u00e7\u00e3o da Vida (CVV), do Conselho Federal de Medicina (CFM) e da Associa\u00e7\u00e3o Brasileira de Psiquiatria (ABP).<\/p>\n<p>Existe preven\u00e7\u00e3o em mais de 90% dos casos, de acordo com a Organiza\u00e7\u00e3o Mundial da Sa\u00fade. Em m\u00e9dia, s\u00e3o 32 brasileiros mortos por dia. N\u00famero esse que pode ser reduzido, mas de que forma fazer isso?<\/p>\n<p>De acordo com o psic\u00f3logo Jo\u00e3o Marcos,\u00a0especialista em Terapia Comportamental Cognitiva pelo Instituto de Psiquiatria do Hospital das Cl\u00ednicas Faculdade de Medicina da Universidade de S\u00e3o Paulo, quando se estabelece um m\u00eas para falar sobre o assunto h\u00e1 um estimulo para que as pessoas se sintam mais \u00e0 vontade para tocar nesse tema t\u00e3o dif\u00edcil. &#8220;Setembro Amarelo \u00e9 uma oportunidade para falar sobre o que estamos sentindo, n\u00e3o necessariamente \u00e9 falar apenas da morte e do suic\u00eddio, mas tamb\u00e9m de todo o sofrimento que sente&#8221;, comenta o psic\u00f3logo.<\/p>\n<p>Para Jo\u00e3o Marcos, ouvir as pessoas tamb\u00e9m \u00e9 uma forma de preven\u00e7\u00e3o, discutir sobre a morte ainda \u00e9 tabu. &#8220;Precisamos falar sobre isso. Trazer para o centro da discuss\u00e3o para que a preven\u00e7\u00e3o chegue a mais pessoas. Falar sobre suic\u00eddio n\u00e3o far\u00e1 surgir novos caso, mas ajudar\u00e1 nos 90% dos casos que podem ser prevenidos. Quando h\u00e1 essa disposi\u00e7\u00e3o para ouvir o outro h\u00e1, tamb\u00e9m, um maior contato e a pessoa ouvida de certa forma se alivia um pouco daquele sofrimento&#8221; diz o psic\u00f3logo.<\/p>\n<p>Ainda de acordo com Jo\u00e3o, a pessoa procura por um profissional quando o problema j\u00e1 existe. &#8220;Os pacientes buscam tratamento quando j\u00e1 h\u00e1 preju\u00edzo. Nesse caso, n\u00e3o tem como trabalhar a preven\u00e7\u00e3o, mas melhorar o sintoma&#8221;, explica.<\/p>\n<p>Jo\u00e3o Marcos elucida o que se faz quando o paciente com quadro suicida chega ao consult\u00f3rio:<\/p>\n<ul>\n<li>1\u00ba: avalia\u00e7\u00e3o do risco;<\/li>\n<li>2\u00ba: acionar a fam\u00edlia. \u00c9 necess\u00e1rio definir qual a rede que vai dar suporte, essa rede precisa ser da confian\u00e7a do paciente. Pessoas que o escutar\u00e3o num momento de necessidade;<\/li>\n<li>3\u00ba: o que o profissional pode construir com a rede de apoio do paciente.<\/li>\n<li>\u00c9 um trabalho em equipe, do profissional com a fam\u00edlia e amigos, h\u00e1 uma troca entre eles para ver a evolu\u00e7\u00e3o do paciente e tentar alternativas para melhorar a atual situa\u00e7\u00e3o dele. Apenas em extrema gravidade \u00e9 recomendado uma interna\u00e7\u00e3o.<\/li>\n<\/ul>\n<p>&#8220;Ao atingir esse est\u00e1gio de sofrimento, quando a pessoa pensa que a \u00fanica solu\u00e7\u00e3o \u00e9 a morte, ela deixa de sentir vontade e prazer em coisas b\u00e1sicas como escovar os dentes e tomar banho. Ao reparar nesses detalhes pergunte a pessoa como ela est\u00e1, se ofere\u00e7a a ouvir e a procurar por uma ajuda&#8221;, recomenda o psic\u00f3logo.<\/p>\n<p>Dentre as t\u00e1ticas utilizadas no tratamento, Jo\u00e3o Marcos explica que estimular o autocuidado ajuda muito. \u201c\u00c9 fazer a pessoa voltar a ter vontade de fazer as coisas. De cuidar de si mesmo. Fazer exerc\u00edcios, estar com pessoas, continuar com psic\u00f3logo, assumir compromissos di\u00e1rios de pentear o cabelo, escovar os dentes e tomar banho&#8221;, conclui Jo\u00e3o Marcos.<\/p>\n<p>As pessoas precisam serem ouvidas e para isso o Centro de Valoriza\u00e7\u00e3o da Vida (CVV) criou uma rede de apoio emocional e de preven\u00e7\u00e3o do suic\u00eddio, a liga\u00e7\u00e3o \u00e9 gratuita e oferece total sigilo, basta ligar no n\u00famero: 188.<\/p>\n<p>*Jo\u00e3o Marcos Almeida Santos de Oliveira &#8211; Especialista em Terapia Comportamental Cognitiva pelo Instituto de Psiquiatria do Hospital das Cl\u00ednicas Faculdade de Medicina da Universidade de S\u00e3o Paulo.<\/p>","protected":false},"excerpt":{"rendered":"<div class=\"entry-summary\">\n<div class=\"entry-summary\">\nA campanha Setembro Amarelo teve in\u00edcio em 2015 no Brasil, o m\u00eas foi escolhido por causa do dia&hellip;\n<\/div>\n<div class=\"link-more\"><a href=\"https:\/\/liraodonto.com.br\/es\/campanhasetembroamarelo\/\" class=\"more-link\">Continue reading<span class=\"screen-reader-text\"> &ldquo;Campanha Setembro Amarelo, vamos falar sobre suic\u00eddio?&rdquo;<\/span>&hellip;<\/a><\/div>\n<\/div>\n<div class=\"link-more\"><a href=\"https:\/\/liraodonto.com.br\/es\/campanhasetembroamarelo\/\" class=\"more-link\">Continue reading<span class=\"screen-reader-text\"> &ldquo;Campanha Setembro Amarelo, vamos falar sobre suic\u00eddio?&rdquo;<\/span>&hellip;<\/a><\/div>","protected":false},"author":1,"featured_media":4061,"comment_status":"open","ping_status":"open","sticky":false,"template":"","format":"standard","meta":{"_acf_changed":false,"_monsterinsights_skip_tracking":false,"_monsterinsights_sitenote_active":false,"_monsterinsights_sitenote_note":"","_monsterinsights_sitenote_category":0,"_joinchat":[],"footnotes":""},"categories":[278,113],"tags":[111,257,127,222],"class_list":["post-4060","post","type-post","status-publish","format-standard","has-post-thumbnail","hentry","category-curiosidades","category-entrevista","tag-alto-de-pinheiros","tag-higiene-bucal","tag-liraodonto","tag-sorrir-faz-bem","entry"],"acf":[],"yoast_head":"<!-- This site is optimized with the Yoast SEO plugin v27.5 - https:\/\/yoast.com\/product\/yoast-seo-wordpress\/ -->\n<title>Campanha Setembro Amarelo - Lira Odonto Responde<\/title>\n<meta name=\"description\" content=\"A campanha Setembro Amarelo teve in\u00edcio em 2015 no Brasil, o m\u00eas foi escolhido por causa do dia (10) Mundial da Preven\u00e7\u00e3o ao Suic\u00eddio.\" \/>\n<meta name=\"robots\" content=\"index, follow, max-snippet:-1, max-image-preview:large, max-video-preview:-1\" \/>\n<link rel=\"canonical\" href=\"https:\/\/liraodonto.com.br\/es\/campanhasetembroamarelo\/\" \/>\n<meta property=\"og:locale\" content=\"es_ES\" \/>\n<meta property=\"og:type\" content=\"article\" \/>\n<meta property=\"og:title\" content=\"Campanha Setembro Amarelo - Lira Odonto Responde\" \/>\n<meta property=\"og:description\" content=\"A campanha Setembro Amarelo teve in\u00edcio em 2015 no Brasil, o m\u00eas foi escolhido por causa do dia (10) Mundial da Preven\u00e7\u00e3o ao Suic\u00eddio.\" \/>\n<meta property=\"og:url\" content=\"https:\/\/liraodonto.com.br\/es\/campanhasetembroamarelo\/\" \/>\n<meta property=\"og:site_name\" content=\"Lira Odonto\" \/>\n<meta property=\"article:publisher\" content=\"https:\/\/www.facebook.com\/liraodonto\/\" \/>\n<meta property=\"article:published_time\" content=\"2018-09-10T22:08:13+00:00\" \/>\n<meta property=\"article:modified_time\" content=\"2019-09-09T18:30:11+00:00\" \/>\n<meta property=\"og:image\" content=\"https:\/\/liraodonto.com.br\/wp-content\/uploads\/2018\/09\/10-9.jpg\" \/>\n\t<meta property=\"og:image:width\" content=\"500\" \/>\n\t<meta property=\"og:image:height\" content=\"500\" \/>\n\t<meta property=\"og:image:type\" content=\"image\/jpeg\" \/>\n<meta name=\"author\" content=\"admin\" \/>\n<meta name=\"twitter:card\" content=\"summary_large_image\" \/>\n<meta name=\"twitter:label1\" content=\"Escrito por\" \/>\n\t<meta name=\"twitter:data1\" content=\"admin\" \/>\n\t<meta name=\"twitter:label2\" content=\"Tiempo de lectura\" \/>\n\t<meta name=\"twitter:data2\" content=\"3 minutos\" \/>\n<script type=\"application\/ld+json\" class=\"yoast-schema-graph\">{\"@context\":\"https:\\\/\\\/schema.org\",\"@graph\":[{\"@type\":\"Article\",\"@id\":\"https:\\\/\\\/liraodonto.com.br\\\/campanhasetembroamarelo\\\/#article\",\"isPartOf\":{\"@id\":\"https:\\\/\\\/liraodonto.com.br\\\/campanhasetembroamarelo\\\/\"},\"author\":{\"name\":\"admin\",\"@id\":\"https:\\\/\\\/liraodonto.com.br\\\/#\\\/schema\\\/person\\\/7865a55a52ea4145ee48ac121cf706da\"},\"headline\":\"Campanha Setembro Amarelo, vamos falar sobre suic\u00eddio?\",\"datePublished\":\"2018-09-10T22:08:13+00:00\",\"dateModified\":\"2019-09-09T18:30:11+00:00\",\"mainEntityOfPage\":{\"@id\":\"https:\\\/\\\/liraodonto.com.br\\\/campanhasetembroamarelo\\\/\"},\"wordCount\":632,\"commentCount\":0,\"publisher\":{\"@id\":\"https:\\\/\\\/liraodonto.com.br\\\/#organization\"},\"image\":{\"@id\":\"https:\\\/\\\/liraodonto.com.br\\\/campanhasetembroamarelo\\\/#primaryimage\"},\"thumbnailUrl\":\"https:\\\/\\\/liraodonto.com.br\\\/wp-content\\\/uploads\\\/2018\\\/09\\\/10-9.jpg\",\"keywords\":[\"Alto de Pinheiros\",\"Higiene Bucal\",\"Lira Odonto\",\"Sorrir faz bem\"],\"articleSection\":[\"Curiosidades\",\"Entrevista\"],\"inLanguage\":\"es\",\"potentialAction\":[{\"@type\":\"CommentAction\",\"name\":\"Comment\",\"target\":[\"https:\\\/\\\/liraodonto.com.br\\\/campanhasetembroamarelo\\\/#respond\"]}]},{\"@type\":\"WebPage\",\"@id\":\"https:\\\/\\\/liraodonto.com.br\\\/campanhasetembroamarelo\\\/\",\"url\":\"https:\\\/\\\/liraodonto.com.br\\\/campanhasetembroamarelo\\\/\",\"name\":\"Campanha Setembro Amarelo - Lira Odonto Responde\",\"isPartOf\":{\"@id\":\"https:\\\/\\\/liraodonto.com.br\\\/#website\"},\"primaryImageOfPage\":{\"@id\":\"https:\\\/\\\/liraodonto.com.br\\\/campanhasetembroamarelo\\\/#primaryimage\"},\"image\":{\"@id\":\"https:\\\/\\\/liraodonto.com.br\\\/campanhasetembroamarelo\\\/#primaryimage\"},\"thumbnailUrl\":\"https:\\\/\\\/liraodonto.com.br\\\/wp-content\\\/uploads\\\/2018\\\/09\\\/10-9.jpg\",\"datePublished\":\"2018-09-10T22:08:13+00:00\",\"dateModified\":\"2019-09-09T18:30:11+00:00\",\"description\":\"A campanha Setembro Amarelo teve in\u00edcio em 2015 no Brasil, o m\u00eas foi escolhido por causa do dia (10) Mundial da Preven\u00e7\u00e3o ao Suic\u00eddio.\",\"breadcrumb\":{\"@id\":\"https:\\\/\\\/liraodonto.com.br\\\/campanhasetembroamarelo\\\/#breadcrumb\"},\"inLanguage\":\"es\",\"potentialAction\":[{\"@type\":\"ReadAction\",\"target\":[\"https:\\\/\\\/liraodonto.com.br\\\/campanhasetembroamarelo\\\/\"]}]},{\"@type\":\"ImageObject\",\"inLanguage\":\"es\",\"@id\":\"https:\\\/\\\/liraodonto.com.br\\\/campanhasetembroamarelo\\\/#primaryimage\",\"url\":\"https:\\\/\\\/liraodonto.com.br\\\/wp-content\\\/uploads\\\/2018\\\/09\\\/10-9.jpg\",\"contentUrl\":\"https:\\\/\\\/liraodonto.com.br\\\/wp-content\\\/uploads\\\/2018\\\/09\\\/10-9.jpg\",\"width\":500,\"height\":500,\"caption\":\"Campanha Setembro Amarelo, vamos falar sobre suicidio?\"},{\"@type\":\"BreadcrumbList\",\"@id\":\"https:\\\/\\\/liraodonto.com.br\\\/campanhasetembroamarelo\\\/#breadcrumb\",\"itemListElement\":[{\"@type\":\"ListItem\",\"position\":1,\"name\":\"In\u00edcio\",\"item\":\"https:\\\/\\\/liraodonto.com.br\\\/\"},{\"@type\":\"ListItem\",\"position\":2,\"name\":\"Campanha Setembro Amarelo, vamos falar sobre suic\u00eddio?\"}]},{\"@type\":\"WebSite\",\"@id\":\"https:\\\/\\\/liraodonto.com.br\\\/#website\",\"url\":\"https:\\\/\\\/liraodonto.com.br\\\/\",\"name\":\"Lira Odonto\",\"description\":\"\",\"publisher\":{\"@id\":\"https:\\\/\\\/liraodonto.com.br\\\/#organization\"},\"potentialAction\":[{\"@type\":\"SearchAction\",\"target\":{\"@type\":\"EntryPoint\",\"urlTemplate\":\"https:\\\/\\\/liraodonto.com.br\\\/?s={search_term_string}\"},\"query-input\":{\"@type\":\"PropertyValueSpecification\",\"valueRequired\":true,\"valueName\":\"search_term_string\"}}],\"inLanguage\":\"es\"},{\"@type\":\"Organization\",\"@id\":\"https:\\\/\\\/liraodonto.com.br\\\/#organization\",\"name\":\"Lira Odonto\",\"url\":\"https:\\\/\\\/liraodonto.com.br\\\/\",\"logo\":{\"@type\":\"ImageObject\",\"inLanguage\":\"es\",\"@id\":\"https:\\\/\\\/liraodonto.com.br\\\/#\\\/schema\\\/logo\\\/image\\\/\",\"url\":\"https:\\\/\\\/liraodonto.com.br\\\/wp-content\\\/uploads\\\/2016\\\/04\\\/cropped-cropped-lira_odonto_site.png\",\"contentUrl\":\"https:\\\/\\\/liraodonto.com.br\\\/wp-content\\\/uploads\\\/2016\\\/04\\\/cropped-cropped-lira_odonto_site.png\",\"width\":200,\"height\":46,\"caption\":\"Lira Odonto\"},\"image\":{\"@id\":\"https:\\\/\\\/liraodonto.com.br\\\/#\\\/schema\\\/logo\\\/image\\\/\"},\"sameAs\":[\"https:\\\/\\\/www.facebook.com\\\/liraodonto\\\/\",\"https:\\\/\\\/www.instagram.com\\\/liraodonto\\\/\"]},{\"@type\":\"Person\",\"@id\":\"https:\\\/\\\/liraodonto.com.br\\\/#\\\/schema\\\/person\\\/7865a55a52ea4145ee48ac121cf706da\",\"name\":\"admin\",\"image\":{\"@type\":\"ImageObject\",\"inLanguage\":\"es\",\"@id\":\"https:\\\/\\\/secure.gravatar.com\\\/avatar\\\/3c1a2125ec84d3a56a41750928acd3aaa12fb3f33ed34573b00ebe6ce0f53018?s=96&d=mm&r=g\",\"url\":\"https:\\\/\\\/secure.gravatar.com\\\/avatar\\\/3c1a2125ec84d3a56a41750928acd3aaa12fb3f33ed34573b00ebe6ce0f53018?s=96&d=mm&r=g\",\"contentUrl\":\"https:\\\/\\\/secure.gravatar.com\\\/avatar\\\/3c1a2125ec84d3a56a41750928acd3aaa12fb3f33ed34573b00ebe6ce0f53018?s=96&d=mm&r=g\",\"caption\":\"admin\"},\"url\":\"https:\\\/\\\/liraodonto.com.br\\\/es\\\/author\\\/admin\\\/\"}]}<\/script>\n<!-- \/ Yoast SEO plugin. -->","yoast_head_json":{"title":"Campanha Setembro Amarelo - Lira Odonto Responde","description":"A campanha Setembro Amarelo teve in\u00edcio em 2015 no Brasil, o m\u00eas foi escolhido por causa do dia (10) Mundial da Preven\u00e7\u00e3o ao Suic\u00eddio.","robots":{"index":"index","follow":"follow","max-snippet":"max-snippet:-1","max-image-preview":"max-image-preview:large","max-video-preview":"max-video-preview:-1"},"canonical":"https:\/\/liraodonto.com.br\/es\/campanhasetembroamarelo\/","og_locale":"es_ES","og_type":"article","og_title":"Campanha Setembro Amarelo - Lira Odonto Responde","og_description":"A campanha Setembro Amarelo teve in\u00edcio em 2015 no Brasil, o m\u00eas foi escolhido por causa do dia (10) Mundial da Preven\u00e7\u00e3o ao Suic\u00eddio.","og_url":"https:\/\/liraodonto.com.br\/es\/campanhasetembroamarelo\/","og_site_name":"Lira Odonto","article_publisher":"https:\/\/www.facebook.com\/liraodonto\/","article_published_time":"2018-09-10T22:08:13+00:00","article_modified_time":"2019-09-09T18:30:11+00:00","og_image":[{"width":500,"height":500,"url":"https:\/\/liraodonto.com.br\/wp-content\/uploads\/2018\/09\/10-9.jpg","type":"image\/jpeg"}],"author":"admin","twitter_card":"summary_large_image","twitter_misc":{"Escrito por":"admin","Tiempo de lectura":"3 minutos"},"schema":{"@context":"https:\/\/schema.org","@graph":[{"@type":"Article","@id":"https:\/\/liraodonto.com.br\/campanhasetembroamarelo\/#article","isPartOf":{"@id":"https:\/\/liraodonto.com.br\/campanhasetembroamarelo\/"},"author":{"name":"admin","@id":"https:\/\/liraodonto.com.br\/#\/schema\/person\/7865a55a52ea4145ee48ac121cf706da"},"headline":"Campanha Setembro Amarelo, vamos falar sobre suic\u00eddio?","datePublished":"2018-09-10T22:08:13+00:00","dateModified":"2019-09-09T18:30:11+00:00","mainEntityOfPage":{"@id":"https:\/\/liraodonto.com.br\/campanhasetembroamarelo\/"},"wordCount":632,"commentCount":0,"publisher":{"@id":"https:\/\/liraodonto.com.br\/#organization"},"image":{"@id":"https:\/\/liraodonto.com.br\/campanhasetembroamarelo\/#primaryimage"},"thumbnailUrl":"https:\/\/liraodonto.com.br\/wp-content\/uploads\/2018\/09\/10-9.jpg","keywords":["Alto de Pinheiros","Higiene Bucal","Lira Odonto","Sorrir faz bem"],"articleSection":["Curiosidades","Entrevista"],"inLanguage":"es","potentialAction":[{"@type":"CommentAction","name":"Comment","target":["https:\/\/liraodonto.com.br\/campanhasetembroamarelo\/#respond"]}]},{"@type":"WebPage","@id":"https:\/\/liraodonto.com.br\/campanhasetembroamarelo\/","url":"https:\/\/liraodonto.com.br\/campanhasetembroamarelo\/","name":"Campanha Setembro Amarelo - Lira Odonto Responde","isPartOf":{"@id":"https:\/\/liraodonto.com.br\/#website"},"primaryImageOfPage":{"@id":"https:\/\/liraodonto.com.br\/campanhasetembroamarelo\/#primaryimage"},"image":{"@id":"https:\/\/liraodonto.com.br\/campanhasetembroamarelo\/#primaryimage"},"thumbnailUrl":"https:\/\/liraodonto.com.br\/wp-content\/uploads\/2018\/09\/10-9.jpg","datePublished":"2018-09-10T22:08:13+00:00","dateModified":"2019-09-09T18:30:11+00:00","description":"A campanha Setembro Amarelo teve in\u00edcio em 2015 no Brasil, o m\u00eas foi escolhido por causa do dia (10) Mundial da Preven\u00e7\u00e3o ao Suic\u00eddio.","breadcrumb":{"@id":"https:\/\/liraodonto.com.br\/campanhasetembroamarelo\/#breadcrumb"},"inLanguage":"es","potentialAction":[{"@type":"ReadAction","target":["https:\/\/liraodonto.com.br\/campanhasetembroamarelo\/"]}]},{"@type":"ImageObject","inLanguage":"es","@id":"https:\/\/liraodonto.com.br\/campanhasetembroamarelo\/#primaryimage","url":"https:\/\/liraodonto.com.br\/wp-content\/uploads\/2018\/09\/10-9.jpg","contentUrl":"https:\/\/liraodonto.com.br\/wp-content\/uploads\/2018\/09\/10-9.jpg","width":500,"height":500,"caption":"Campanha Setembro Amarelo, vamos falar sobre suicidio?"},{"@type":"BreadcrumbList","@id":"https:\/\/liraodonto.com.br\/campanhasetembroamarelo\/#breadcrumb","itemListElement":[{"@type":"ListItem","position":1,"name":"In\u00edcio","item":"https:\/\/liraodonto.com.br\/"},{"@type":"ListItem","position":2,"name":"Campanha Setembro Amarelo, vamos falar sobre suic\u00eddio?"}]},{"@type":"WebSite","@id":"https:\/\/liraodonto.com.br\/#website","url":"https:\/\/liraodonto.com.br\/","name":"Lira Odonto","description":"","publisher":{"@id":"https:\/\/liraodonto.com.br\/#organization"},"potentialAction":[{"@type":"SearchAction","target":{"@type":"EntryPoint","urlTemplate":"https:\/\/liraodonto.com.br\/?s={search_term_string}"},"query-input":{"@type":"PropertyValueSpecification","valueRequired":true,"valueName":"search_term_string"}}],"inLanguage":"es"},{"@type":"Organization","@id":"https:\/\/liraodonto.com.br\/#organization","name":"Lira Odonto","url":"https:\/\/liraodonto.com.br\/","logo":{"@type":"ImageObject","inLanguage":"es","@id":"https:\/\/liraodonto.com.br\/#\/schema\/logo\/image\/","url":"https:\/\/liraodonto.com.br\/wp-content\/uploads\/2016\/04\/cropped-cropped-lira_odonto_site.png","contentUrl":"https:\/\/liraodonto.com.br\/wp-content\/uploads\/2016\/04\/cropped-cropped-lira_odonto_site.png","width":200,"height":46,"caption":"Lira Odonto"},"image":{"@id":"https:\/\/liraodonto.com.br\/#\/schema\/logo\/image\/"},"sameAs":["https:\/\/www.facebook.com\/liraodonto\/","https:\/\/www.instagram.com\/liraodonto\/"]},{"@type":"Person","@id":"https:\/\/liraodonto.com.br\/#\/schema\/person\/7865a55a52ea4145ee48ac121cf706da","name":"admin","image":{"@type":"ImageObject","inLanguage":"es","@id":"https:\/\/secure.gravatar.com\/avatar\/3c1a2125ec84d3a56a41750928acd3aaa12fb3f33ed34573b00ebe6ce0f53018?s=96&d=mm&r=g","url":"https:\/\/secure.gravatar.com\/avatar\/3c1a2125ec84d3a56a41750928acd3aaa12fb3f33ed34573b00ebe6ce0f53018?s=96&d=mm&r=g","contentUrl":"https:\/\/secure.gravatar.com\/avatar\/3c1a2125ec84d3a56a41750928acd3aaa12fb3f33ed34573b00ebe6ce0f53018?s=96&d=mm&r=g","caption":"admin"},"url":"https:\/\/liraodonto.com.br\/es\/author\/admin\/"}]}},"wps_subtitle":"","_links":{"self":[{"href":"https:\/\/liraodonto.com.br\/es\/wp-json\/wp\/v2\/posts\/4060","targetHints":{"allow":["GET"]}}],"collection":[{"href":"https:\/\/liraodonto.com.br\/es\/wp-json\/wp\/v2\/posts"}],"about":[{"href":"https:\/\/liraodonto.com.br\/es\/wp-json\/wp\/v2\/types\/post"}],"author":[{"embeddable":true,"href":"https:\/\/liraodonto.com.br\/es\/wp-json\/wp\/v2\/users\/1"}],"replies":[{"embeddable":true,"href":"https:\/\/liraodonto.com.br\/es\/wp-json\/wp\/v2\/comments?post=4060"}],"version-history":[{"count":3,"href":"https:\/\/liraodonto.com.br\/es\/wp-json\/wp\/v2\/posts\/4060\/revisions"}],"predecessor-version":[{"id":4617,"href":"https:\/\/liraodonto.com.br\/es\/wp-json\/wp\/v2\/posts\/4060\/revisions\/4617"}],"wp:featuredmedia":[{"embeddable":true,"href":"https:\/\/liraodonto.com.br\/es\/wp-json\/wp\/v2\/media\/4061"}],"wp:attachment":[{"href":"https:\/\/liraodonto.com.br\/es\/wp-json\/wp\/v2\/media?parent=4060"}],"wp:term":[{"taxonomy":"category","embeddable":true,"href":"https:\/\/liraodonto.com.br\/es\/wp-json\/wp\/v2\/categories?post=4060"},{"taxonomy":"post_tag","embeddable":true,"href":"https:\/\/liraodonto.com.br\/es\/wp-json\/wp\/v2\/tags?post=4060"}],"curies":[{"name":"wp","href":"https:\/\/api.w.org\/{rel}","templated":true}]}}