{"id":4718,"date":"2020-03-09T23:19:49","date_gmt":"2020-03-10T02:19:49","guid":{"rendered":"https:\/\/liraodonto.com.br\/?p=4718"},"modified":"2020-03-09T23:19:49","modified_gmt":"2020-03-10T02:19:49","slug":"coronavirus-e-saude-bucal","status":"publish","type":"post","link":"https:\/\/liraodonto.com.br\/es\/coronavirus-e-saude-bucal\/","title":{"rendered":"Coronav\u00edrus e a sa\u00fade bucal"},"content":{"rendered":"<p>O novo Coronav\u00edrus (COVID-19), que partiu de Wuhan (China), tem se espalhado rapidamente pelo mundo, com casos confirmados de \u00f3bito inclusive em pa\u00edses europeus. O que j\u00e1 se sabe desse v\u00edrus \u00e9 que ele pertence a uma grande fam\u00edlia viral e ataca o sistema respirat\u00f3rio, provocando sintomas semelhantes aos de uma gripe comum.<\/p>\n<p>Com muitas suspeitas e casos confirmados no Brasil, o Coronav\u00edrus (COVID-19) \u00e9 infelizmente uma realidade por aqui. Segundo informe oficial da Sociedade Brasileira de Infectologia (SBI), alguns indiv\u00edduos podem n\u00e3o apresentar sintomas, mas, em alguns casos de infec\u00e7\u00f5es de vias \u00e1reas superiores, os sintomas s\u00e3o semelhantes a um resfriado. Em casos graves, assemelham-se a pneumonia e insufici\u00eancia respirat\u00f3ria aguda. As crian\u00e7as de pouca idade, idosos e pacientes com baixa imunidade podem apresentar manifesta\u00e7\u00f5es mais graves.<\/p>\n<p>A ci\u00eancia ainda n\u00e3o respondeu todas as perguntas sobre o COVID-19, mas j\u00e1 sabe que ele est\u00e1 presente na saliva das pessoas contaminadas e pesquisadores iniciam um trabalho para que o diagn\u00f3stico possa ser feito tamb\u00e9m pela saliva.<\/p>\n<p>Por esse motivo, h\u00e1 discuss\u00e3o em andamento acerca das formas de cont\u00e1gio e por isso a aten\u00e7\u00e3o deve ser redobrada nos consult\u00f3rios odontol\u00f3gicos. \u00c9 de extrema import\u00e2ncia que haja preven\u00e7\u00e3o, de forma que o paciente com qualquer suspeita ou sintoma de resfriado n\u00e3o compare\u00e7a a consulta, pois o v\u00edrus \u00e9 altamente contagioso. Isso deve ser levado muito a s\u00e9rio a fim de preservar a sa\u00fade da equipe cl\u00ednica e dos demais pacientes.<\/p>\n<p>Caso o dentista identifique qualquer suspeita de que seu paciente possa portar o Coronav\u00edrus (COVID-19), a recomenda\u00e7\u00e3o \u00e9 direcionar imediatamente para um m\u00e9dico com o descritivo dos sintomas observados.<\/p>\n<p><strong>Recomenda\u00e7\u00f5es<\/strong><\/p>\n<p>Para se prevenir o cont\u00e1gio pelo Coronav\u00edrus (COVID-19) \u00e9 recomendado lavar as m\u00e3os ao entrar e sair do consult\u00f3rio, cobrir a boca e o nariz em caso de tosse ou espirro. Em caso de suspeita, procure um posto de atendimento ou seu m\u00e9dico de confian\u00e7a para que seja feita a an\u00e1lise necess\u00e1ria.<\/p>\n<p>Se preferir, leia as recomenda\u00e7\u00f5es no Portal do Minist\u00e9rio da Sa\u00fade, <a href=\"https:\/\/www.saude.gov.br\/saude-de-a-z\/coronavirus\">clicando aqui.\u00a0<\/a><\/p>\n<p>O corpo cl\u00ednico e toda a equipe da <a href=\"https:\/\/liraodonto.com.br\/es\/fale-conosco\/\">Lira Odonto<\/a> est\u00e1 atenta ao assunto e seguindo as recomenda\u00e7\u00f5es para garantir a sa\u00fade para os pacientes e para todos os colaboradores.<\/p>","protected":false},"excerpt":{"rendered":"<div class=\"entry-summary\">\n<div class=\"entry-summary\">\nO novo Coronav\u00edrus (COVID-19), que partiu de Wuhan (China), tem se espalhado rapidamente pelo mundo, com casos confirmados&hellip;\n<\/div>\n<div class=\"link-more\"><a href=\"https:\/\/liraodonto.com.br\/es\/coronavirus-e-saude-bucal\/\" class=\"more-link\">Continue reading<span class=\"screen-reader-text\"> &ldquo;Coronav\u00edrus e a sa\u00fade bucal&rdquo;<\/span>&hellip;<\/a><\/div>\n<\/div>\n<div class=\"link-more\"><a href=\"https:\/\/liraodonto.com.br\/es\/coronavirus-e-saude-bucal\/\" class=\"more-link\">Continue reading<span class=\"screen-reader-text\"> &ldquo;Coronav\u00edrus e a sa\u00fade bucal&rdquo;<\/span>&hellip;<\/a><\/div>","protected":false},"author":1,"featured_media":4719,"comment_status":"open","ping_status":"open","sticky":false,"template":"","format":"standard","meta":{"_acf_changed":false,"_monsterinsights_skip_tracking":false,"_monsterinsights_sitenote_active":false,"_monsterinsights_sitenote_note":"","_monsterinsights_sitenote_category":0,"_joinchat":[],"footnotes":""},"categories":[1],"tags":[756,757,109],"class_list":["post-4718","post","type-post","status-publish","format-standard","has-post-thumbnail","hentry","category-sem-categoria","tag-corona-virus","tag-coronavirus","tag-saude-bucal","entry"],"acf":[],"yoast_head":"<!-- This site is optimized with the Yoast SEO plugin v27.5 - https:\/\/yoast.com\/product\/yoast-seo-wordpress\/ -->\n<title>Coronavirus e a sa\u00fade bucal. Cuidado redobrado para paciente e dentista<\/title>\n<meta name=\"description\" content=\"Coronavirus e a sa\u00fade bucal! Cuidado redobrado para pacientes e dentistas no consult\u00f3rio. Confira mat\u00e9ria com informa\u00e7\u00f5es e recomenda\u00e7\u00f5es.\" \/>\n<meta name=\"robots\" content=\"index, follow, max-snippet:-1, max-image-preview:large, max-video-preview:-1\" \/>\n<link rel=\"canonical\" href=\"https:\/\/liraodonto.com.br\/es\/coronavirus-e-saude-bucal\/\" \/>\n<meta property=\"og:locale\" content=\"es_ES\" \/>\n<meta property=\"og:type\" content=\"article\" \/>\n<meta property=\"og:title\" content=\"Coronavirus e a sa\u00fade bucal. Cuidado redobrado para paciente e dentista\" \/>\n<meta property=\"og:description\" content=\"Coronavirus e a sa\u00fade bucal! Cuidado redobrado para pacientes e dentistas no consult\u00f3rio. Confira mat\u00e9ria com informa\u00e7\u00f5es e recomenda\u00e7\u00f5es.\" \/>\n<meta property=\"og:url\" content=\"https:\/\/liraodonto.com.br\/es\/coronavirus-e-saude-bucal\/\" \/>\n<meta property=\"og:site_name\" content=\"Lira Odonto\" \/>\n<meta property=\"article:publisher\" content=\"https:\/\/www.facebook.com\/liraodonto\/\" \/>\n<meta property=\"article:published_time\" content=\"2020-03-10T02:19:49+00:00\" \/>\n<meta property=\"og:image\" content=\"https:\/\/liraodonto.com.br\/wp-content\/uploads\/2020\/03\/HERO_coronavirus.jpg\" \/>\n\t<meta property=\"og:image:width\" content=\"1140\" \/>\n\t<meta property=\"og:image:height\" content=\"714\" \/>\n\t<meta property=\"og:image:type\" content=\"image\/jpeg\" \/>\n<meta name=\"author\" content=\"admin\" \/>\n<meta name=\"twitter:card\" content=\"summary_large_image\" \/>\n<meta name=\"twitter:label1\" content=\"Escrito por\" \/>\n\t<meta name=\"twitter:data1\" content=\"admin\" \/>\n\t<meta name=\"twitter:label2\" content=\"Tiempo de lectura\" \/>\n\t<meta name=\"twitter:data2\" content=\"2 minutos\" \/>\n<script type=\"application\/ld+json\" class=\"yoast-schema-graph\">{\"@context\":\"https:\\\/\\\/schema.org\",\"@graph\":[{\"@type\":\"Article\",\"@id\":\"https:\\\/\\\/liraodonto.com.br\\\/coronavirus-e-saude-bucal\\\/#article\",\"isPartOf\":{\"@id\":\"https:\\\/\\\/liraodonto.com.br\\\/coronavirus-e-saude-bucal\\\/\"},\"author\":{\"name\":\"admin\",\"@id\":\"https:\\\/\\\/liraodonto.com.br\\\/#\\\/schema\\\/person\\\/7865a55a52ea4145ee48ac121cf706da\"},\"headline\":\"Coronav\u00edrus e a sa\u00fade bucal\",\"datePublished\":\"2020-03-10T02:19:49+00:00\",\"mainEntityOfPage\":{\"@id\":\"https:\\\/\\\/liraodonto.com.br\\\/coronavirus-e-saude-bucal\\\/\"},\"wordCount\":413,\"commentCount\":0,\"publisher\":{\"@id\":\"https:\\\/\\\/liraodonto.com.br\\\/#organization\"},\"image\":{\"@id\":\"https:\\\/\\\/liraodonto.com.br\\\/coronavirus-e-saude-bucal\\\/#primaryimage\"},\"thumbnailUrl\":\"https:\\\/\\\/liraodonto.com.br\\\/wp-content\\\/uploads\\\/2020\\\/03\\\/HERO_coronavirus.jpg\",\"keywords\":[\"corona virus\",\"coronavirus\",\"Sa\u00fade Bucal\"],\"articleSection\":[\"Sem categoria\"],\"inLanguage\":\"es\",\"potentialAction\":[{\"@type\":\"CommentAction\",\"name\":\"Comment\",\"target\":[\"https:\\\/\\\/liraodonto.com.br\\\/coronavirus-e-saude-bucal\\\/#respond\"]}]},{\"@type\":\"WebPage\",\"@id\":\"https:\\\/\\\/liraodonto.com.br\\\/coronavirus-e-saude-bucal\\\/\",\"url\":\"https:\\\/\\\/liraodonto.com.br\\\/coronavirus-e-saude-bucal\\\/\",\"name\":\"Coronavirus e a sa\u00fade bucal. Cuidado redobrado para paciente e dentista\",\"isPartOf\":{\"@id\":\"https:\\\/\\\/liraodonto.com.br\\\/#website\"},\"primaryImageOfPage\":{\"@id\":\"https:\\\/\\\/liraodonto.com.br\\\/coronavirus-e-saude-bucal\\\/#primaryimage\"},\"image\":{\"@id\":\"https:\\\/\\\/liraodonto.com.br\\\/coronavirus-e-saude-bucal\\\/#primaryimage\"},\"thumbnailUrl\":\"https:\\\/\\\/liraodonto.com.br\\\/wp-content\\\/uploads\\\/2020\\\/03\\\/HERO_coronavirus.jpg\",\"datePublished\":\"2020-03-10T02:19:49+00:00\",\"description\":\"Coronavirus e a sa\u00fade bucal! Cuidado redobrado para pacientes e dentistas no consult\u00f3rio. Confira mat\u00e9ria com informa\u00e7\u00f5es e recomenda\u00e7\u00f5es.\",\"breadcrumb\":{\"@id\":\"https:\\\/\\\/liraodonto.com.br\\\/coronavirus-e-saude-bucal\\\/#breadcrumb\"},\"inLanguage\":\"es\",\"potentialAction\":[{\"@type\":\"ReadAction\",\"target\":[\"https:\\\/\\\/liraodonto.com.br\\\/coronavirus-e-saude-bucal\\\/\"]}]},{\"@type\":\"ImageObject\",\"inLanguage\":\"es\",\"@id\":\"https:\\\/\\\/liraodonto.com.br\\\/coronavirus-e-saude-bucal\\\/#primaryimage\",\"url\":\"https:\\\/\\\/liraodonto.com.br\\\/wp-content\\\/uploads\\\/2020\\\/03\\\/HERO_coronavirus.jpg\",\"contentUrl\":\"https:\\\/\\\/liraodonto.com.br\\\/wp-content\\\/uploads\\\/2020\\\/03\\\/HERO_coronavirus.jpg\",\"width\":1140,\"height\":714},{\"@type\":\"BreadcrumbList\",\"@id\":\"https:\\\/\\\/liraodonto.com.br\\\/coronavirus-e-saude-bucal\\\/#breadcrumb\",\"itemListElement\":[{\"@type\":\"ListItem\",\"position\":1,\"name\":\"In\u00edcio\",\"item\":\"https:\\\/\\\/liraodonto.com.br\\\/\"},{\"@type\":\"ListItem\",\"position\":2,\"name\":\"Coronav\u00edrus e a sa\u00fade bucal\"}]},{\"@type\":\"WebSite\",\"@id\":\"https:\\\/\\\/liraodonto.com.br\\\/#website\",\"url\":\"https:\\\/\\\/liraodonto.com.br\\\/\",\"name\":\"Lira Odonto\",\"description\":\"\",\"publisher\":{\"@id\":\"https:\\\/\\\/liraodonto.com.br\\\/#organization\"},\"potentialAction\":[{\"@type\":\"SearchAction\",\"target\":{\"@type\":\"EntryPoint\",\"urlTemplate\":\"https:\\\/\\\/liraodonto.com.br\\\/?s={search_term_string}\"},\"query-input\":{\"@type\":\"PropertyValueSpecification\",\"valueRequired\":true,\"valueName\":\"search_term_string\"}}],\"inLanguage\":\"es\"},{\"@type\":\"Organization\",\"@id\":\"https:\\\/\\\/liraodonto.com.br\\\/#organization\",\"name\":\"Lira Odonto\",\"url\":\"https:\\\/\\\/liraodonto.com.br\\\/\",\"logo\":{\"@type\":\"ImageObject\",\"inLanguage\":\"es\",\"@id\":\"https:\\\/\\\/liraodonto.com.br\\\/#\\\/schema\\\/logo\\\/image\\\/\",\"url\":\"https:\\\/\\\/liraodonto.com.br\\\/wp-content\\\/uploads\\\/2016\\\/04\\\/cropped-cropped-lira_odonto_site.png\",\"contentUrl\":\"https:\\\/\\\/liraodonto.com.br\\\/wp-content\\\/uploads\\\/2016\\\/04\\\/cropped-cropped-lira_odonto_site.png\",\"width\":200,\"height\":46,\"caption\":\"Lira Odonto\"},\"image\":{\"@id\":\"https:\\\/\\\/liraodonto.com.br\\\/#\\\/schema\\\/logo\\\/image\\\/\"},\"sameAs\":[\"https:\\\/\\\/www.facebook.com\\\/liraodonto\\\/\",\"https:\\\/\\\/www.instagram.com\\\/liraodonto\\\/\"]},{\"@type\":\"Person\",\"@id\":\"https:\\\/\\\/liraodonto.com.br\\\/#\\\/schema\\\/person\\\/7865a55a52ea4145ee48ac121cf706da\",\"name\":\"admin\",\"image\":{\"@type\":\"ImageObject\",\"inLanguage\":\"es\",\"@id\":\"https:\\\/\\\/secure.gravatar.com\\\/avatar\\\/3c1a2125ec84d3a56a41750928acd3aaa12fb3f33ed34573b00ebe6ce0f53018?s=96&d=mm&r=g\",\"url\":\"https:\\\/\\\/secure.gravatar.com\\\/avatar\\\/3c1a2125ec84d3a56a41750928acd3aaa12fb3f33ed34573b00ebe6ce0f53018?s=96&d=mm&r=g\",\"contentUrl\":\"https:\\\/\\\/secure.gravatar.com\\\/avatar\\\/3c1a2125ec84d3a56a41750928acd3aaa12fb3f33ed34573b00ebe6ce0f53018?s=96&d=mm&r=g\",\"caption\":\"admin\"},\"url\":\"https:\\\/\\\/liraodonto.com.br\\\/es\\\/author\\\/admin\\\/\"}]}<\/script>\n<!-- \/ Yoast SEO plugin. -->","yoast_head_json":{"title":"Coronavirus e a sa\u00fade bucal. Cuidado redobrado para paciente e dentista","description":"Coronavirus e a sa\u00fade bucal! Cuidado redobrado para pacientes e dentistas no consult\u00f3rio. Confira mat\u00e9ria com informa\u00e7\u00f5es e recomenda\u00e7\u00f5es.","robots":{"index":"index","follow":"follow","max-snippet":"max-snippet:-1","max-image-preview":"max-image-preview:large","max-video-preview":"max-video-preview:-1"},"canonical":"https:\/\/liraodonto.com.br\/es\/coronavirus-e-saude-bucal\/","og_locale":"es_ES","og_type":"article","og_title":"Coronavirus e a sa\u00fade bucal. Cuidado redobrado para paciente e dentista","og_description":"Coronavirus e a sa\u00fade bucal! Cuidado redobrado para pacientes e dentistas no consult\u00f3rio. Confira mat\u00e9ria com informa\u00e7\u00f5es e recomenda\u00e7\u00f5es.","og_url":"https:\/\/liraodonto.com.br\/es\/coronavirus-e-saude-bucal\/","og_site_name":"Lira Odonto","article_publisher":"https:\/\/www.facebook.com\/liraodonto\/","article_published_time":"2020-03-10T02:19:49+00:00","og_image":[{"width":1140,"height":714,"url":"https:\/\/liraodonto.com.br\/wp-content\/uploads\/2020\/03\/HERO_coronavirus.jpg","type":"image\/jpeg"}],"author":"admin","twitter_card":"summary_large_image","twitter_misc":{"Escrito por":"admin","Tiempo de lectura":"2 minutos"},"schema":{"@context":"https:\/\/schema.org","@graph":[{"@type":"Article","@id":"https:\/\/liraodonto.com.br\/coronavirus-e-saude-bucal\/#article","isPartOf":{"@id":"https:\/\/liraodonto.com.br\/coronavirus-e-saude-bucal\/"},"author":{"name":"admin","@id":"https:\/\/liraodonto.com.br\/#\/schema\/person\/7865a55a52ea4145ee48ac121cf706da"},"headline":"Coronav\u00edrus e a sa\u00fade bucal","datePublished":"2020-03-10T02:19:49+00:00","mainEntityOfPage":{"@id":"https:\/\/liraodonto.com.br\/coronavirus-e-saude-bucal\/"},"wordCount":413,"commentCount":0,"publisher":{"@id":"https:\/\/liraodonto.com.br\/#organization"},"image":{"@id":"https:\/\/liraodonto.com.br\/coronavirus-e-saude-bucal\/#primaryimage"},"thumbnailUrl":"https:\/\/liraodonto.com.br\/wp-content\/uploads\/2020\/03\/HERO_coronavirus.jpg","keywords":["corona virus","coronavirus","Sa\u00fade Bucal"],"articleSection":["Sem categoria"],"inLanguage":"es","potentialAction":[{"@type":"CommentAction","name":"Comment","target":["https:\/\/liraodonto.com.br\/coronavirus-e-saude-bucal\/#respond"]}]},{"@type":"WebPage","@id":"https:\/\/liraodonto.com.br\/coronavirus-e-saude-bucal\/","url":"https:\/\/liraodonto.com.br\/coronavirus-e-saude-bucal\/","name":"Coronavirus e a sa\u00fade bucal. Cuidado redobrado para paciente e dentista","isPartOf":{"@id":"https:\/\/liraodonto.com.br\/#website"},"primaryImageOfPage":{"@id":"https:\/\/liraodonto.com.br\/coronavirus-e-saude-bucal\/#primaryimage"},"image":{"@id":"https:\/\/liraodonto.com.br\/coronavirus-e-saude-bucal\/#primaryimage"},"thumbnailUrl":"https:\/\/liraodonto.com.br\/wp-content\/uploads\/2020\/03\/HERO_coronavirus.jpg","datePublished":"2020-03-10T02:19:49+00:00","description":"Coronavirus e a sa\u00fade bucal! Cuidado redobrado para pacientes e dentistas no consult\u00f3rio. Confira mat\u00e9ria com informa\u00e7\u00f5es e recomenda\u00e7\u00f5es.","breadcrumb":{"@id":"https:\/\/liraodonto.com.br\/coronavirus-e-saude-bucal\/#breadcrumb"},"inLanguage":"es","potentialAction":[{"@type":"ReadAction","target":["https:\/\/liraodonto.com.br\/coronavirus-e-saude-bucal\/"]}]},{"@type":"ImageObject","inLanguage":"es","@id":"https:\/\/liraodonto.com.br\/coronavirus-e-saude-bucal\/#primaryimage","url":"https:\/\/liraodonto.com.br\/wp-content\/uploads\/2020\/03\/HERO_coronavirus.jpg","contentUrl":"https:\/\/liraodonto.com.br\/wp-content\/uploads\/2020\/03\/HERO_coronavirus.jpg","width":1140,"height":714},{"@type":"BreadcrumbList","@id":"https:\/\/liraodonto.com.br\/coronavirus-e-saude-bucal\/#breadcrumb","itemListElement":[{"@type":"ListItem","position":1,"name":"In\u00edcio","item":"https:\/\/liraodonto.com.br\/"},{"@type":"ListItem","position":2,"name":"Coronav\u00edrus e a sa\u00fade bucal"}]},{"@type":"WebSite","@id":"https:\/\/liraodonto.com.br\/#website","url":"https:\/\/liraodonto.com.br\/","name":"Lira Odonto","description":"","publisher":{"@id":"https:\/\/liraodonto.com.br\/#organization"},"potentialAction":[{"@type":"SearchAction","target":{"@type":"EntryPoint","urlTemplate":"https:\/\/liraodonto.com.br\/?s={search_term_string}"},"query-input":{"@type":"PropertyValueSpecification","valueRequired":true,"valueName":"search_term_string"}}],"inLanguage":"es"},{"@type":"Organization","@id":"https:\/\/liraodonto.com.br\/#organization","name":"Lira Odonto","url":"https:\/\/liraodonto.com.br\/","logo":{"@type":"ImageObject","inLanguage":"es","@id":"https:\/\/liraodonto.com.br\/#\/schema\/logo\/image\/","url":"https:\/\/liraodonto.com.br\/wp-content\/uploads\/2016\/04\/cropped-cropped-lira_odonto_site.png","contentUrl":"https:\/\/liraodonto.com.br\/wp-content\/uploads\/2016\/04\/cropped-cropped-lira_odonto_site.png","width":200,"height":46,"caption":"Lira Odonto"},"image":{"@id":"https:\/\/liraodonto.com.br\/#\/schema\/logo\/image\/"},"sameAs":["https:\/\/www.facebook.com\/liraodonto\/","https:\/\/www.instagram.com\/liraodonto\/"]},{"@type":"Person","@id":"https:\/\/liraodonto.com.br\/#\/schema\/person\/7865a55a52ea4145ee48ac121cf706da","name":"admin","image":{"@type":"ImageObject","inLanguage":"es","@id":"https:\/\/secure.gravatar.com\/avatar\/3c1a2125ec84d3a56a41750928acd3aaa12fb3f33ed34573b00ebe6ce0f53018?s=96&d=mm&r=g","url":"https:\/\/secure.gravatar.com\/avatar\/3c1a2125ec84d3a56a41750928acd3aaa12fb3f33ed34573b00ebe6ce0f53018?s=96&d=mm&r=g","contentUrl":"https:\/\/secure.gravatar.com\/avatar\/3c1a2125ec84d3a56a41750928acd3aaa12fb3f33ed34573b00ebe6ce0f53018?s=96&d=mm&r=g","caption":"admin"},"url":"https:\/\/liraodonto.com.br\/es\/author\/admin\/"}]}},"wps_subtitle":"","_links":{"self":[{"href":"https:\/\/liraodonto.com.br\/es\/wp-json\/wp\/v2\/posts\/4718","targetHints":{"allow":["GET"]}}],"collection":[{"href":"https:\/\/liraodonto.com.br\/es\/wp-json\/wp\/v2\/posts"}],"about":[{"href":"https:\/\/liraodonto.com.br\/es\/wp-json\/wp\/v2\/types\/post"}],"author":[{"embeddable":true,"href":"https:\/\/liraodonto.com.br\/es\/wp-json\/wp\/v2\/users\/1"}],"replies":[{"embeddable":true,"href":"https:\/\/liraodonto.com.br\/es\/wp-json\/wp\/v2\/comments?post=4718"}],"version-history":[{"count":1,"href":"https:\/\/liraodonto.com.br\/es\/wp-json\/wp\/v2\/posts\/4718\/revisions"}],"predecessor-version":[{"id":4720,"href":"https:\/\/liraodonto.com.br\/es\/wp-json\/wp\/v2\/posts\/4718\/revisions\/4720"}],"wp:featuredmedia":[{"embeddable":true,"href":"https:\/\/liraodonto.com.br\/es\/wp-json\/wp\/v2\/media\/4719"}],"wp:attachment":[{"href":"https:\/\/liraodonto.com.br\/es\/wp-json\/wp\/v2\/media?parent=4718"}],"wp:term":[{"taxonomy":"category","embeddable":true,"href":"https:\/\/liraodonto.com.br\/es\/wp-json\/wp\/v2\/categories?post=4718"},{"taxonomy":"post_tag","embeddable":true,"href":"https:\/\/liraodonto.com.br\/es\/wp-json\/wp\/v2\/tags?post=4718"}],"curies":[{"name":"wp","href":"https:\/\/api.w.org\/{rel}","templated":true}]}}